{"id":11342,"date":"2025-08-12T16:31:26","date_gmt":"2025-08-12T14:31:26","guid":{"rendered":"https:\/\/www.soglio-produkte.com\/?p=11342"},"modified":"2025-08-12T17:54:46","modified_gmt":"2025-08-12T15:54:46","slug":"johanna-garbald-silvia-andrea","status":"publish","type":"post","link":"https:\/\/www.soglio-produkte.com\/de\/johanna-garbald-silvia-andrea\/","title":{"rendered":"Pers\u00f6nlichkeiten aus dem Bergell &#8211; Johanna Garbald aka Silvia Andrea"},"content":{"rendered":"<div class=\"fusion-fullwidth fullwidth-box fusion-builder-row-1 nonhundred-percent-fullwidth non-hundred-percent-height-scrolling\" style=\"--awb-border-radius-top-left:0px;--awb-border-radius-top-right:0px;--awb-border-radius-bottom-right:0px;--awb-border-radius-bottom-left:0px;--awb-padding-top:20px;--awb-padding-bottom:20px;--awb-flex-wrap:wrap;\" ><div class=\"fusion-builder-row fusion-row\"><div class=\"fusion-layout-column fusion_builder_column fusion-builder-column-0 fusion_builder_column_1_1 1_1 fusion-one-full fusion-column-first fusion-column-last\" style=\"--awb-bg-size:cover;\"><div class=\"fusion-column-wrapper fusion-column-has-shadow fusion-flex-column-wrapper-legacy\"><div class=\"fusion-title title fusion-title-1 fusion-sep-none fusion-title-center fusion-title-text fusion-title-size-three\" style=\"--awb-margin-top-small:10px;--awb-margin-right-small:0px;--awb-margin-bottom-small:10px;--awb-margin-left-small:0px;\"><h3 class=\"fusion-title-heading title-heading-center\" style=\"margin:0;\"><p style=\"text-align: center;\"><strong>Pers\u00f6nlichkeiten aus dem Bergell<\/strong><\/p><\/h3><\/div><div class=\"fusion-sep-clear\"><\/div><div class=\"fusion-separator fusion-full-width-sep\" style=\"margin-left: auto;margin-right: auto;margin-top:1em;margin-bottom:1em;width:100%;\"><\/div><div class=\"fusion-sep-clear\"><\/div><div class=\"fusion-title title fusion-title-2 fusion-sep-none fusion-title-center fusion-title-text fusion-title-size-one\" style=\"--awb-margin-top-small:10px;--awb-margin-right-small:0px;--awb-margin-bottom-small:10px;--awb-margin-left-small:0px;\"><h1 class=\"fusion-title-heading title-heading-center\" style=\"margin:0;\"><p style=\"text-align: center;\"><strong>Johanna Garbald aka Silvia Andrea<\/strong><\/p><\/h1><\/div><div class=\"fusion-text fusion-text-1\" style=\"--awb-font-size:18px;\"><p style=\"text-align: center;\">1840 \u2013 1935<\/p>\n<\/div><div class=\"fusion-sep-clear\"><\/div><div class=\"fusion-separator fusion-full-width-sep\" style=\"margin-left: auto;margin-right: auto;margin-top:1em;margin-bottom:1em;width:100%;\"><\/div><div class=\"fusion-sep-clear\"><\/div><div class=\"fusion-clearfix\"><\/div><\/div><\/div><div class=\"fusion-layout-column fusion_builder_column fusion-builder-column-1 fusion_builder_column_1_2 1_2 fusion-one-half fusion-column-first\" style=\"--awb-bg-size:cover;width:50%;width:calc(50% - ( ( 4% ) * 0.5 ) );margin-right: 4%;\"><div class=\"fusion-column-wrapper fusion-flex-column-wrapper-legacy\"><div class=\"fusion-text fusion-text-2\"><p>Im April berichtete SOGLIO-Produkte \u00fcber den ersten Berufsfotografen im Bergell, Andrea Garbald aus Castasegna. Der Fotok\u00fcnstler stammte aus gebildetem Haus \u2013 seine Mutter, Johanna Garbald-Gredig, hatte sich unter dem Pseudonym Silvia Andrea als Schriftstellerin einen Namen gemacht.<\/p>\n<\/div><div class=\"fusion-sep-clear\"><\/div><div class=\"fusion-separator fusion-full-width-sep\" style=\"margin-left: auto;margin-right: auto;margin-top:1em;margin-bottom:1em;width:100%;\"><\/div><div class=\"fusion-sep-clear\"><\/div><div class=\"fusion-text fusion-text-3\"><p>1840 wurde Johanna Gredig als Tochter eines Lehrers im Oberengadin in Zuoz geboren, wo R\u00e4toromanisch gesprochen wird. Ihr Vater pflegte das R\u00e4toromanische mit Leidenschaft, vermittelte aber seiner sprachaffinen Tochter auch die Grundlagen der deutschen Sprache. Im Alter von 15 Jahren besuchte die junge Johanna die deutsche H\u00f6here T\u00f6chterschule in Chur, wo sie begeistert in die deutsche Literatur eintauchte \u2013 eine wissbegierige und intelligente junge Frau, die schon damals wusste, dass sie ein Leben als Schriftstellerin f\u00fchren wollte.<\/p>\n<\/div><div class=\"fusion-sep-clear\"><\/div><div class=\"fusion-separator fusion-full-width-sep\" style=\"margin-left: auto;margin-right: auto;margin-top:1em;margin-bottom:1em;width:100%;\"><\/div><div class=\"fusion-sep-clear\"><\/div><div class=\"fusion-text fusion-text-4\"><p>Johanna traf ihren zuk\u00fcnftigen Ehemann, Agostino Garbald, den sie bis zur Eheschlie\u00dfung nur dreimal gesehen hatte. Ein ausf\u00fchrlicher Briefwechsel aus dieser Zeit bezeugte jedoch, dass sich die zuk\u00fcnftigen Eheleute intensiv dar\u00fcber ausgetauscht hatten, wie sie ihr gemeinsames Leben gestalten wollten: \u00abWir wollen philosophieren, lesen, studieren, bis wir schrecklich gescheit sind.\u00bb<\/p>\n<\/div><div class=\"fusion-sep-clear\"><\/div><div class=\"fusion-separator fusion-full-width-sep\" style=\"margin-left: auto;margin-right: auto;margin-top:1em;margin-bottom:1em;width:100%;\"><\/div><div class=\"fusion-sep-clear\"><\/div><div class=\"fusion-clearfix\"><\/div><\/div><\/div><div class=\"fusion-layout-column fusion_builder_column fusion-builder-column-2 fusion_builder_column_1_2 1_2 fusion-one-half fusion-column-last\" style=\"--awb-bg-size:cover;width:50%;width:calc(50% - ( ( 4% ) * 0.5 ) );\"><div class=\"fusion-column-wrapper fusion-flex-column-wrapper-legacy\"><div class=\"fusion-image-element fusion-image-align-center in-legacy-container\" style=\"text-align:center;--awb-caption-title-font-family:var(--h2_typography-font-family);--awb-caption-title-font-weight:var(--h2_typography-font-weight);--awb-caption-title-font-style:var(--h2_typography-font-style);--awb-caption-title-size:var(--h2_typography-font-size);--awb-caption-title-transform:var(--h2_typography-text-transform);--awb-caption-title-line-height:var(--h2_typography-line-height);--awb-caption-title-letter-spacing:var(--h2_typography-letter-spacing);\"><div class=\"imageframe-align-center\"><span class=\" fusion-imageframe imageframe-none imageframe-1 hover-type-none\"><a class=\"fusion-no-lightbox\" href=\"https:\/\/www.garbald.ch\/de\/nachlass-garbald\/silvia-andrea\" target=\"_self\" aria-label=\"Silvia_Andrea_Doppel_2_ret_34572\" rel=\"noopener\"><img decoding=\"async\" width=\"400\" height=\"449\" alt=\"Johanna Garbald\" data-src=\"https:\/\/www.soglio-produkte.com\/wp-content\/uploads\/2025\/08\/silvia-andrea-doppel-2-ret-34572-400x449.jpg\" class=\"img-responsive wp-image-11343 lazyload\" data-srcset=\"https:\/\/www.soglio-produkte.com\/wp-content\/uploads\/2025\/08\/silvia-andrea-doppel-2-ret-34572-200x225.jpg 200w, https:\/\/www.soglio-produkte.com\/wp-content\/uploads\/2025\/08\/silvia-andrea-doppel-2-ret-34572-400x449.jpg 400w, https:\/\/www.soglio-produkte.com\/wp-content\/uploads\/2025\/08\/silvia-andrea-doppel-2-ret-34572-600x674.jpg 600w, https:\/\/www.soglio-produkte.com\/wp-content\/uploads\/2025\/08\/silvia-andrea-doppel-2-ret-34572-800x898.jpg 800w, https:\/\/www.soglio-produkte.com\/wp-content\/uploads\/2025\/08\/silvia-andrea-doppel-2-ret-34572.jpg 962w\" data-sizes=\"(max-width: 800px) 100vw, 800px\" src=\"data:image\/svg+xml;base64,PHN2ZyB3aWR0aD0iMSIgaGVpZ2h0PSIxIiB4bWxucz0iaHR0cDovL3d3dy53My5vcmcvMjAwMC9zdmciPjwvc3ZnPg==\" style=\"--smush-placeholder-width: 400px; --smush-placeholder-aspect-ratio: 400\/449;\" \/><\/a><\/span><\/div><\/div><div class=\"fusion-sep-clear\"><\/div><div class=\"fusion-separator fusion-full-width-sep\" style=\"margin-left: auto;margin-right: auto;margin-top:10px;margin-bottom:10px;width:100%;\"><\/div><div class=\"fusion-sep-clear\"><\/div><div class=\"fusion-text fusion-text-5\" style=\"--awb-font-size:13px;\"><p style=\"text-align: center;\"><em>Bild \/Quelle: <a href=\"http:\/\/www.garbald.ch\" target=\"_blank\" rel=\"noopener\">www.garbald.ch<\/a>\n<\/em><\/p>\n<\/div><div class=\"fusion-sep-clear\"><\/div><div class=\"fusion-separator fusion-full-width-sep\" style=\"margin-left: auto;margin-right: auto;margin-top:1em;margin-bottom:1em;width:100%;\"><\/div><div class=\"fusion-sep-clear\"><\/div><div class=\"fusion-clearfix\"><\/div><\/div><\/div><\/div><\/div><div class=\"fusion-fullwidth fullwidth-box fusion-builder-row-2 fusion-flex-container has-pattern-background has-mask-background nonhundred-percent-fullwidth non-hundred-percent-height-scrolling\" style=\"--awb-border-radius-top-left:0px;--awb-border-radius-top-right:0px;--awb-border-radius-bottom-right:0px;--awb-border-radius-bottom-left:0px;--awb-flex-wrap:wrap;\" ><div class=\"fusion-builder-row fusion-row fusion-flex-align-items-flex-start fusion-flex-content-wrap\" style=\"max-width:1456px;margin-left: calc(-4% \/ 2 );margin-right: calc(-4% \/ 2 );\"><div class=\"fusion-layout-column fusion_builder_column fusion-builder-column-3 fusion_builder_column_1_2 1_2 fusion-flex-column\" style=\"--awb-bg-size:cover;--awb-width-large:50%;--awb-margin-top-large:0px;--awb-spacing-right-large:3.84%;--awb-margin-bottom-large:20px;--awb-spacing-left-large:3.84%;--awb-width-medium:100%;--awb-order-medium:0;--awb-spacing-right-medium:1.92%;--awb-spacing-left-medium:1.92%;--awb-width-small:100%;--awb-order-small:0;--awb-spacing-right-small:1.92%;--awb-spacing-left-small:1.92%;\"><div class=\"fusion-column-wrapper fusion-column-has-shadow fusion-flex-justify-content-flex-start fusion-content-layout-column\"><div class=\"fusion-image-element \" style=\"--awb-caption-title-font-family:var(--h2_typography-font-family);--awb-caption-title-font-weight:var(--h2_typography-font-weight);--awb-caption-title-font-style:var(--h2_typography-font-style);--awb-caption-title-size:var(--h2_typography-font-size);--awb-caption-title-transform:var(--h2_typography-text-transform);--awb-caption-title-line-height:var(--h2_typography-line-height);--awb-caption-title-letter-spacing:var(--h2_typography-letter-spacing);\"><span class=\" fusion-imageframe imageframe-none imageframe-2 hover-type-none\"><a class=\"fusion-no-lightbox\" href=\"https:\/\/www.garbald.ch\" target=\"_self\" aria-label=\"Silvia_Andrea_Doppel_2_ret_34572\" rel=\"noopener\"><img decoding=\"async\" width=\"400\" height=\"457\" alt=\"Silvia_Andrea Garbald\" data-src=\"https:\/\/www.soglio-produkte.com\/wp-content\/uploads\/2025\/08\/silvia-andrea-doppel-2-ret-34572-1-400x457.jpg\" class=\"img-responsive wp-image-11349 lazyload\" data-srcset=\"https:\/\/www.soglio-produkte.com\/wp-content\/uploads\/2025\/08\/silvia-andrea-doppel-2-ret-34572-1-200x229.jpg 200w, https:\/\/www.soglio-produkte.com\/wp-content\/uploads\/2025\/08\/silvia-andrea-doppel-2-ret-34572-1-400x457.jpg 400w, https:\/\/www.soglio-produkte.com\/wp-content\/uploads\/2025\/08\/silvia-andrea-doppel-2-ret-34572-1-600x686.jpg 600w, https:\/\/www.soglio-produkte.com\/wp-content\/uploads\/2025\/08\/silvia-andrea-doppel-2-ret-34572-1-800x914.jpg 800w, https:\/\/www.soglio-produkte.com\/wp-content\/uploads\/2025\/08\/silvia-andrea-doppel-2-ret-34572-1.jpg 945w\" data-sizes=\"(max-width: 1024px) 100vw, (max-width: 640px) 100vw, 800px\" src=\"data:image\/svg+xml;base64,PHN2ZyB3aWR0aD0iMSIgaGVpZ2h0PSIxIiB4bWxucz0iaHR0cDovL3d3dy53My5vcmcvMjAwMC9zdmciPjwvc3ZnPg==\" style=\"--smush-placeholder-width: 400px; --smush-placeholder-aspect-ratio: 400\/457;\" \/><\/a><\/span><\/div><div class=\"fusion-separator fusion-full-width-sep\" style=\"align-self: center;margin-left: auto;margin-right: auto;margin-top:1em;margin-bottom:1em;width:100%;\"><\/div><div class=\"fusion-text fusion-text-6\" style=\"--awb-font-size:14px;\"><p><strong>\u00a0Quelle:<a href=\"https:\/\/www.garbald.ch\/de\/nachlass-garbald\/silvia-andrea)\" target=\"_blank\" rel=\"noopener\"> https:\/\/www.garbald.ch<\/a>\n<\/strong><\/p>\n<\/div><\/div><\/div><div class=\"fusion-layout-column fusion_builder_column fusion-builder-column-4 fusion_builder_column_1_2 1_2 fusion-flex-column\" style=\"--awb-bg-size:cover;--awb-width-large:50%;--awb-margin-top-large:0px;--awb-spacing-right-large:3.84%;--awb-margin-bottom-large:20px;--awb-spacing-left-large:3.84%;--awb-width-medium:100%;--awb-order-medium:0;--awb-spacing-right-medium:1.92%;--awb-spacing-left-medium:1.92%;--awb-width-small:100%;--awb-order-small:0;--awb-spacing-right-small:1.92%;--awb-spacing-left-small:1.92%;\"><div class=\"fusion-column-wrapper fusion-column-has-shadow fusion-flex-justify-content-flex-start fusion-content-layout-column\"><div class=\"fusion-text fusion-text-7\"><p>Mit 21 Jahren heiratete Johanna schlie\u00dflich und zog mit Agostino Garbald nach Castasegna ins italienischsprachige Bergell. Es sollte eine f\u00fcr die damalige Zeit unkonventionelle und emanzipierte Ehe werden. Sowohl Agostino als auch Johanna widmeten sich ihren jeweiligen Leidenschaften. W\u00e4hrend sich der Zollbeamte Agostino den Naturwissenschaften verschrieb, widmete sie sich dem Humanistischen und der Sprache und suchte sich ihren Weg als Schriftstellerin und Dichterin.<\/p>\n<\/div><div class=\"fusion-separator fusion-full-width-sep\" style=\"align-self: center;margin-left: auto;margin-right: auto;margin-top:1em;margin-bottom:1em;width:100%;\"><\/div><div class=\"fusion-text fusion-text-8\"><p>Johanna und Agostino Garbald begegneten sich stets auf Augenh\u00f6he. Die r\u00e4toromanisch aufgewachsene Johanna sprach mit ihrem Mann Deutsch, w\u00e4hrend sie gemeinsam im italienischen Sprachraum lebten. Die Sprachenvielfalt war in ihrem Leben allgegenw\u00e4rtig. Ihre gesamten Werke verfasste sie in deutscher Sprache unter dem Pseudonym Silvia Andrea.<\/p>\n<\/div><\/div><\/div><div class=\"fusion-layout-column fusion_builder_column fusion-builder-column-5 fusion_builder_column_1_1 1_1 fusion-flex-column\" style=\"--awb-bg-size:cover;--awb-width-large:100%;--awb-margin-top-large:0px;--awb-spacing-right-large:1.92%;--awb-margin-bottom-large:20px;--awb-spacing-left-large:1.92%;--awb-width-medium:100%;--awb-order-medium:0;--awb-spacing-right-medium:1.92%;--awb-spacing-left-medium:1.92%;--awb-width-small:100%;--awb-order-small:0;--awb-spacing-right-small:1.92%;--awb-spacing-left-small:1.92%;\"><div class=\"fusion-column-wrapper fusion-column-has-shadow fusion-flex-justify-content-flex-start fusion-content-layout-column\"><div class=\"fusion-separator fusion-full-width-sep\" style=\"align-self: center;margin-left: auto;margin-right: auto;margin-top:1em;margin-bottom:1em;width:100%;\"><\/div><div class=\"fusion-text fusion-text-9\"><p>Besonders in den ersten, kinderlosen Ehejahren arbeitete sie intensiv als Schriftstellerin. Erst im Alter von 37 Jahren wurde Johanna Garbald zum ersten Mal Mutter und gebar ihren ersten Sohn Andrea. Drei Jahre sp\u00e4ter folgte die Tochter Margherita und 1881 Augusto. Doch auch als dreifache Mutter verfasste sie weiterhin eigene Schriften und arbeitete f\u00fcr mehrere schweizerische Zeitschriften. Sie wurde zu einer wichtigen Stimme der Schweizer Literatur.<\/p>\n<\/div><div class=\"fusion-separator fusion-full-width-sep\" style=\"align-self: center;margin-left: auto;margin-right: auto;margin-top:1em;margin-bottom:1em;width:100%;\"><\/div><div class=\"fusion-text fusion-text-10\"><p>Besonders ihre historischen Erz\u00e4hlungen zur B\u00fcndner Geschichte stie\u00dfen in der \u00d6ffentlichkeit f\u00fcr ihre lebendige und witzige Erz\u00e4hlweise auf viel Lob. Doch nicht nur historische Inhalte erregten Johannas Aufmerksamkeit \u2013 in ihren Schriften standen immer wieder Frauenschicksale ihrer Zeit im Mittelpunkt: Frauen, die sich bildeten, \u00fcber das Leben und die Welt nachdachten und eigene Wege gingen. Jedoch blieben die meisten dieser Texte der breiten \u00d6ffentlichkeit verwehrt, weshalb Johanna Garbalds Engagement f\u00fcr die Anliegen der Frauenbewegung eher im Verborgenen blieb.<\/p>\n<\/div><div class=\"fusion-separator fusion-full-width-sep\" style=\"align-self: center;margin-left: auto;margin-right: auto;margin-top:1em;margin-bottom:1em;width:100%;\"><\/div><\/div><\/div><\/div><\/div><div class=\"fusion-fullwidth fullwidth-box fusion-builder-row-3 nonhundred-percent-fullwidth non-hundred-percent-height-scrolling\" style=\"--awb-border-radius-top-left:0px;--awb-border-radius-top-right:0px;--awb-border-radius-bottom-right:0px;--awb-border-radius-bottom-left:0px;--awb-margin-top:50px;--awb-flex-wrap:wrap;\" ><div class=\"fusion-builder-row fusion-row\"><div class=\"fusion-layout-column fusion_builder_column fusion-builder-column-6 fusion_builder_column_1_1 1_1 fusion-one-full fusion-column-first fusion-column-last\" style=\"--awb-bg-size:cover;--awb-box-shadow: 0px 0px ;;--awb-border-color:var(--awb-color6);--awb-border-top:4px;--awb-border-right:4px;--awb-border-bottom:4px;--awb-border-left:4px;--awb-border-style:solid;\" data-scroll-devices=\"small-visibility,medium-visibility,large-visibility\"><div class=\"fusion-column-wrapper fusion-column-has-shadow fusion-flex-column-wrapper-legacy\"><div class=\"fusion-sep-clear\"><\/div><div class=\"fusion-separator fusion-full-width-sep\" style=\"margin-left: auto;margin-right: auto;margin-top:1px;margin-bottom:1px;width:100%;\"><\/div><div class=\"fusion-sep-clear\"><\/div><div class=\"fusion-text fusion-text-11\" style=\"--awb-font-size:26px;\"><p style=\"text-align: center;\">Bleiben Sie mit dem SOGLIO-<span style=\"color: #008000;\"><a style=\"color: #008000;\" href=\"https:\/\/www.soglio-produkte.com\/de\/newsletter\/\">Newsletter<\/a><\/span> \u00fcber neue Blog-Beitr\u00e4ge informiert.<\/p>\n<\/div><div class=\"fusion-sep-clear\"><\/div><div class=\"fusion-separator fusion-full-width-sep\" style=\"margin-left: auto;margin-right: auto;margin-top:1px;margin-bottom:1px;width:100%;\"><\/div><div class=\"fusion-sep-clear\"><\/div><div class=\"fusion-text fusion-text-12\" style=\"--awb-font-size:18px;\"><p style=\"text-align: center;\">Dieser Artikel ist Teil einer Serie, die wir in unserem Newsletter vorstellen. Etwa einmal im Monat erscheint eine neue Ausgabe.<\/p>\n<\/div><div class=\"fusion-sep-clear\"><\/div><div class=\"fusion-separator fusion-full-width-sep\" style=\"margin-left: auto;margin-right: auto;margin-top:1px;margin-bottom:1px;width:100%;\"><\/div><div class=\"fusion-sep-clear\"><\/div><div class=\"fusion-clearfix\"><\/div><\/div><\/div><div class=\"fusion-layout-column fusion_builder_column fusion-builder-column-7 fusion_builder_column_1_1 1_1 fusion-one-full fusion-column-first fusion-column-last\" style=\"--awb-bg-size:cover;\"><div class=\"fusion-column-wrapper fusion-flex-column-wrapper-legacy\"><div class=\"fusion-clearfix\"><\/div><\/div><\/div><\/div><\/div><div class=\"fusion-fullwidth fullwidth-box fusion-builder-row-4 nonhundred-percent-fullwidth non-hundred-percent-height-scrolling\" style=\"--awb-border-radius-top-left:0px;--awb-border-radius-top-right:0px;--awb-border-radius-bottom-right:0px;--awb-border-radius-bottom-left:0px;--awb-padding-top:20px;--awb-padding-bottom:0px;--awb-background-color:#f8f9e6;--awb-flex-wrap:wrap;\" ><div class=\"fusion-builder-row fusion-row\"><div class=\"fusion-layout-column fusion_builder_column fusion-builder-column-8 fusion_builder_column_1_1 1_1 fusion-one-full fusion-column-first fusion-column-last\" style=\"--awb-bg-size:cover;\"><div class=\"fusion-column-wrapper fusion-flex-column-wrapper-legacy\"><div class=\"fusion-text fusion-text-13\"><h3 style=\"text-align: center;\">HABEN SIE FRAGEN? RUFEN SIE UNS AN <a href=\"tel:+41818221843\">+41 (0)81 822 18 43<\/a><\/h3>\n<h4 style=\"text-align: center;\">Wir beraten Sie gerne: Montag bis Freitag, 08.00 bis 12.00 Uhr und 13.30 bis 17.30 Uhr.<\/h4>\n<\/div><div class=\"fusion-clearfix\"><\/div><\/div><\/div><div class=\"fusion-layout-column fusion_builder_column fusion-builder-column-9 fusion_builder_column_1_4 1_4 fusion-one-fourth fusion-column-first\" style=\"--awb-bg-size:cover;width:25%;width:calc(25% - ( ( 4% + 4% + 4% ) * 0.25 ) );margin-right: 4%;\"><div class=\"fusion-column-wrapper fusion-flex-column-wrapper-legacy\"><h4>Kontakt Schweiz<\/h4>\nSOGLIO-PRODUKTE AG<br \/>\nVia Principale 21<br \/>\n7608 Castasegna<br \/>\nSchweiz<br \/>\n<br \/>\nTel. <a href=\"tel:+41818221843\">+41 (0)81 822 18 43<\/a><br \/>\nFax +41 (0)81 822 19 70<br \/>\n<a href=\"mailto:mail@soglio-produkte.ch\">mail@soglio-produkte.ch<\/a><div class=\"fusion-clearfix\"><\/div><\/div><\/div><div class=\"fusion-layout-column fusion_builder_column fusion-builder-column-10 fusion_builder_column_1_4 1_4 fusion-one-fourth\" style=\"--awb-bg-size:cover;width:25%;width:calc(25% - ( ( 4% + 4% + 4% ) * 0.25 ) );margin-right: 4%;\"><div class=\"fusion-column-wrapper fusion-flex-column-wrapper-legacy\"><h4>Kontakt Deutschland \/ EU<\/h4>\nSOGLIO (Deutschland) GmbH<br \/>\nHauptstra\u00dfe 29<br \/>\n79807 Lottstetten<br \/>\nDeutschland<br \/>\n<br \/>\n<a href=\"mailto:mail@soglio-produkte.eu\">mail@soglio-produkte.eu<\/a><div class=\"fusion-clearfix\"><\/div><\/div><\/div><div class=\"fusion-layout-column fusion_builder_column fusion-builder-column-11 fusion_builder_column_1_4 1_4 fusion-one-fourth\" style=\"--awb-bg-size:cover;width:25%;width:calc(25% - ( ( 4% + 4% + 4% ) * 0.25 ) );margin-right: 4%;\"><div class=\"fusion-column-wrapper fusion-flex-column-wrapper-legacy\"><h4>\u00d6ffnungszeiten Laden Castasegna<\/h4>\nMo bis Fr, 8.00 bis 12.00 Uhr<br \/>\nund 13.30 bis 18.00 Uhr<br \/>\n<h4>\u00d6ffnungszeiten Laden Soglio<\/h4>\nVon Juni bis Mitte Oktober<br \/>\nMi* \/ Do \/ Fr \/ Sa 11.00 bis 17.00 Uhr<br \/>\n*Erst ab 1. Juli<div class=\"fusion-clearfix\"><\/div><\/div><\/div><div class=\"fusion-layout-column fusion_builder_column fusion-builder-column-12 fusion_builder_column_1_4 1_4 fusion-one-fourth fusion-column-last\" style=\"--awb-bg-size:cover;width:25%;width:calc(25% - ( ( 4% + 4% + 4% ) * 0.25 ) );\"><div class=\"fusion-column-wrapper fusion-flex-column-wrapper-legacy\"><h4>Rechtliches<\/h4>\n<a href=\"https:\/\/www.soglio-produkte.com\/de\/agb\/\" style=\"text-decoration:underline;\">Allgemeine Gesch\u00e4ftsbedingungen<\/a><br \/>\n<a href=\"https:\/\/www.soglio-produkte.com\/de\/impressum\/\" style=\"text-decoration:underline;\">Impressum<\/a><br \/>\n<a href=\"https:\/\/www.soglio-produkte.com\/de\/datenschutz\/\" style=\"text-decoration:underline;\">Datenschutz<\/a><br \/>\n<a href=\"https:\/\/www.soglio-produkte.com\/de\/versand-zahlungsmoeglichkeiten\/\" style=\"text-decoration:underline;\">Versand und Zahlungsm\u00f6glichkeiten <\/a><div class=\"fusion-text fusion-text-14\"><h4>Social Media<\/h4>\n<p><a href=\"https:\/\/www.facebook.com\/soglio.produkte.Kraft.der.Berge\" target=\"_blank\" rel=\"noopener noreferrer\"><img decoding=\"async\" class=\"wp-image-830 size-full lazyload\" data-src=\"https:\/\/www.soglio-produkte.com\/wp-content\/uploads\/2019\/05\/54997.png\" alt=\"Facebook\" width=\"51\" height=\"51\" src=\"data:image\/svg+xml;base64,PHN2ZyB3aWR0aD0iMSIgaGVpZ2h0PSIxIiB4bWxucz0iaHR0cDovL3d3dy53My5vcmcvMjAwMC9zdmciPjwvc3ZnPg==\" style=\"--smush-placeholder-width: 51px; --smush-placeholder-aspect-ratio: 51\/51;\" \/><\/a><a href=\"https:\/\/www.instagram.com\/soglio.produkte\" target=\"_blank\" rel=\"noopener noreferrer\"> <img decoding=\"async\" class=\"wp-image-830 size-full lazyload\" data-src=\"https:\/\/www.soglio-produkte.com\/wp-content\/uploads\/2019\/05\/glyph-logo_may2016.png\" alt=\"Instagram\" width=\"51\" height=\"51\" src=\"data:image\/svg+xml;base64,PHN2ZyB3aWR0aD0iMSIgaGVpZ2h0PSIxIiB4bWxucz0iaHR0cDovL3d3dy53My5vcmcvMjAwMC9zdmciPjwvc3ZnPg==\" style=\"--smush-placeholder-width: 51px; --smush-placeholder-aspect-ratio: 51\/51;\" \/> <\/a><a href=\"https:\/\/www.pinterest.de\/Soglioprodukte\/\" target=\"_blank\" rel=\"noopener noreferrer\"> <img decoding=\"async\" class=\"wp-image-830 size-full lazyload\" data-src=\"https:\/\/www.soglio-produkte.com\/wp-content\/uploads\/2019\/05\/badgergb-black.png\" alt=\"Pinterest\" width=\"51\" height=\"51\" src=\"data:image\/svg+xml;base64,PHN2ZyB3aWR0aD0iMSIgaGVpZ2h0PSIxIiB4bWxucz0iaHR0cDovL3d3dy53My5vcmcvMjAwMC9zdmciPjwvc3ZnPg==\" style=\"--smush-placeholder-width: 51px; --smush-placeholder-aspect-ratio: 51\/51;\" \/><\/a><\/p>\n<\/div><div class=\"fusion-clearfix\"><\/div><\/div><\/div><\/div><\/div>\n","protected":false},"excerpt":{"rendered":"<p>Johanna Garbald, bekannt als Silvia Andrea (1840\u20131935), war eine bedeutende Stimme der Schweizer Literatur. In ihren lebendigen historischen Erz\u00e4hlungen und feinf\u00fchligen Frauengeschichten verbindet sich Mehrsprachigkeit mit einem modernen Blick \u2013 eine Autorin, die es neu zu entdecken gilt.<\/p>\n","protected":false},"author":3,"featured_media":11356,"comment_status":"open","ping_status":"open","sticky":false,"template":"","format":"standard","meta":{"footnotes":""},"categories":[167,212],"tags":[],"class_list":["post-11342","post","type-post","status-publish","format-standard","has-post-thumbnail","hentry","category-bergell","category-persoenlichkeiten-aus-dem-bergell"],"_links":{"self":[{"href":"https:\/\/www.soglio-produkte.com\/de\/wp-json\/wp\/v2\/posts\/11342","targetHints":{"allow":["GET"]}}],"collection":[{"href":"https:\/\/www.soglio-produkte.com\/de\/wp-json\/wp\/v2\/posts"}],"about":[{"href":"https:\/\/www.soglio-produkte.com\/de\/wp-json\/wp\/v2\/types\/post"}],"author":[{"embeddable":true,"href":"https:\/\/www.soglio-produkte.com\/de\/wp-json\/wp\/v2\/users\/3"}],"replies":[{"embeddable":true,"href":"https:\/\/www.soglio-produkte.com\/de\/wp-json\/wp\/v2\/comments?post=11342"}],"version-history":[{"count":3,"href":"https:\/\/www.soglio-produkte.com\/de\/wp-json\/wp\/v2\/posts\/11342\/revisions"}],"predecessor-version":[{"id":11372,"href":"https:\/\/www.soglio-produkte.com\/de\/wp-json\/wp\/v2\/posts\/11342\/revisions\/11372"}],"wp:featuredmedia":[{"embeddable":true,"href":"https:\/\/www.soglio-produkte.com\/de\/wp-json\/wp\/v2\/media\/11356"}],"wp:attachment":[{"href":"https:\/\/www.soglio-produkte.com\/de\/wp-json\/wp\/v2\/media?parent=11342"}],"wp:term":[{"taxonomy":"category","embeddable":true,"href":"https:\/\/www.soglio-produkte.com\/de\/wp-json\/wp\/v2\/categories?post=11342"},{"taxonomy":"post_tag","embeddable":true,"href":"https:\/\/www.soglio-produkte.com\/de\/wp-json\/wp\/v2\/tags?post=11342"}],"curies":[{"name":"wp","href":"https:\/\/api.w.org\/{rel}","templated":true}]}}