{"id":11499,"date":"2025-08-19T17:54:45","date_gmt":"2025-08-19T15:54:45","guid":{"rendered":"https:\/\/www.soglio-produkte.com\/personnalites-du-val-bregaglia-johanna-garbald-alias-silvia-andrea\/"},"modified":"2025-08-19T17:56:33","modified_gmt":"2025-08-19T15:56:33","slug":"johanna-garbald-silvia-andrea","status":"publish","type":"post","link":"https:\/\/www.soglio-produkte.com\/fr\/johanna-garbald-silvia-andrea\/","title":{"rendered":"Personnalit\u00e9s du Val Bregaglia &#8211; Johanna Garbald alias Silvia Andrea"},"content":{"rendered":"<div class=\"fusion-fullwidth fullwidth-box fusion-builder-row-1 nonhundred-percent-fullwidth non-hundred-percent-height-scrolling\" style=\"--awb-border-radius-top-left:0px;--awb-border-radius-top-right:0px;--awb-border-radius-bottom-right:0px;--awb-border-radius-bottom-left:0px;--awb-padding-top:20px;--awb-padding-bottom:20px;--awb-flex-wrap:wrap;\" ><div class=\"fusion-builder-row fusion-row\"><div class=\"fusion-layout-column fusion_builder_column fusion-builder-column-0 fusion_builder_column_1_1 1_1 fusion-one-full fusion-column-first fusion-column-last\" style=\"--awb-bg-size:cover;\"><div class=\"fusion-column-wrapper fusion-column-has-shadow fusion-flex-column-wrapper-legacy\"><div class=\"fusion-title title fusion-title-1 fusion-sep-none fusion-title-center fusion-title-text fusion-title-size-three\" style=\"--awb-margin-top-small:10px;--awb-margin-right-small:0px;--awb-margin-bottom-small:10px;--awb-margin-left-small:0px;\"><h3 class=\"fusion-title-heading title-heading-center\" style=\"margin:0;\"><p style=\"text-align: center;\"><strong>Personnalit\u00e9s du Val Bregaglia<\/strong><\/p><\/h3><\/div><div class=\"fusion-sep-clear\"><\/div><div class=\"fusion-separator fusion-full-width-sep\" style=\"margin-left: auto;margin-right: auto;margin-top:1em;margin-bottom:1em;width:100%;\"><\/div><div class=\"fusion-sep-clear\"><\/div><div class=\"fusion-title title fusion-title-2 fusion-sep-none fusion-title-center fusion-title-text fusion-title-size-one\" style=\"--awb-margin-top-small:10px;--awb-margin-right-small:0px;--awb-margin-bottom-small:10px;--awb-margin-left-small:0px;\"><h1 class=\"fusion-title-heading title-heading-center\" style=\"margin:0;\"><p style=\"text-align: center;\"><strong>Johanna Garbald alias Silvia Andrea<\/strong><\/p><\/h1><\/div><div class=\"fusion-text fusion-text-1\" style=\"--awb-font-size:18px;\"><p style=\"text-align: center;\">1840 \u2013 1935<\/p>\n<p><br><\/p>\n<\/div><div class=\"fusion-sep-clear\"><\/div><div class=\"fusion-separator fusion-full-width-sep\" style=\"margin-left: auto;margin-right: auto;margin-top:1em;margin-bottom:1em;width:100%;\"><\/div><div class=\"fusion-sep-clear\"><\/div><div class=\"fusion-clearfix\"><\/div><\/div><\/div><div class=\"fusion-layout-column fusion_builder_column fusion-builder-column-1 fusion_builder_column_1_2 1_2 fusion-one-half fusion-column-first\" style=\"--awb-bg-size:cover;width:50%;width:calc(50% - ( ( 4% ) * 0.5 ) );margin-right: 4%;\"><div class=\"fusion-column-wrapper fusion-flex-column-wrapper-legacy\"><div class=\"fusion-text fusion-text-2\"><p>En avril, SOGLIO-Produkte a publi\u00e9 un article sur le premier photographe professionnel du Val Bregaglia, Andrea Garbald, originaire de Castasegna. Sa m\u00e8re, Johanna Garbald-Gredig, connue sous le pseudonyme de Silvia Andrea, \u00e9tait une \u00e9crivaine cultiv\u00e9e et engag\u00e9e.<\/p>\n<\/div><div class=\"fusion-sep-clear\"><\/div><div class=\"fusion-separator fusion-full-width-sep\" style=\"margin-left: auto;margin-right: auto;margin-top:1em;margin-bottom:1em;width:100%;\"><\/div><div class=\"fusion-sep-clear\"><\/div><div class=\"fusion-text fusion-text-3\"><p>Johanna est n\u00e9e en 1840 \u00e0 Zuoz, en Haute-Engadine, o\u00f9 l&rsquo;on parle le romanche. Son p\u00e8re, enseignant, cultivait cette langue avec d\u00e9vouement, mais il a \u00e9galement enseign\u00e9 les bases de l&rsquo;allemand \u00e0 sa fille dou\u00e9e pour les langues. \u00c0 l&rsquo;\u00e2ge de 15 ans, Johanna a fr\u00e9quent\u00e9 l&rsquo;\u00e9cole sup\u00e9rieure allemande pour filles \u00e0 Coire, o\u00f9 elle s&rsquo;est passionn\u00e9e pour la litt\u00e9rature allemande. Tr\u00e8s t\u00f4t, elle a m\u00fbri le d\u00e9sir de devenir \u00e9crivaine.<\/p>\n<\/div><div class=\"fusion-sep-clear\"><\/div><div class=\"fusion-separator fusion-full-width-sep\" style=\"margin-left: auto;margin-right: auto;margin-top:1em;margin-bottom:1em;width:100%;\"><\/div><div class=\"fusion-sep-clear\"><\/div><div class=\"fusion-text fusion-text-4\"><p>Elle a fait la connaissance d&rsquo;Agostino Garbald, qu&rsquo;elle n&rsquo;avait vu que trois fois avant le mariage, mais ils ont entretenu une correspondance intense dans laquelle ils r\u00e9fl\u00e9chissaient \u00e0 leur avenir commun : \u00ab Nous voulons philosopher, lire, \u00e9tudier jusqu&rsquo;\u00e0 ce que nous soyons terriblement intelligents. \u00bb<\/p>\n<\/div><div class=\"fusion-sep-clear\"><\/div><div class=\"fusion-separator fusion-full-width-sep\" style=\"margin-left: auto;margin-right: auto;margin-top:1em;margin-bottom:1em;width:100%;\"><\/div><div class=\"fusion-sep-clear\"><\/div><div class=\"fusion-clearfix\"><\/div><\/div><\/div><div class=\"fusion-layout-column fusion_builder_column fusion-builder-column-2 fusion_builder_column_1_2 1_2 fusion-one-half fusion-column-last\" style=\"--awb-bg-size:cover;width:50%;width:calc(50% - ( ( 4% ) * 0.5 ) );\"><div class=\"fusion-column-wrapper fusion-flex-column-wrapper-legacy\"><div class=\"fusion-image-element fusion-image-align-center in-legacy-container\" style=\"text-align:center;--awb-caption-title-font-family:var(--h2_typography-font-family);--awb-caption-title-font-weight:var(--h2_typography-font-weight);--awb-caption-title-font-style:var(--h2_typography-font-style);--awb-caption-title-size:var(--h2_typography-font-size);--awb-caption-title-transform:var(--h2_typography-text-transform);--awb-caption-title-line-height:var(--h2_typography-line-height);--awb-caption-title-letter-spacing:var(--h2_typography-letter-spacing);\"><div class=\"imageframe-align-center\"><span class=\" fusion-imageframe imageframe-none imageframe-1 hover-type-none\"><a class=\"fusion-no-lightbox\" href=\"https:\/\/www.garbald.ch\/de\/nachlass-garbald\/silvia-andrea\" target=\"_self\" aria-label=\"silvia-andrea-doppel-2-ret-34572\" rel=\"noopener\"><img decoding=\"async\" width=\"400\" height=\"449\" alt=\"Johanna Garbald\" data-src=\"https:\/\/www.soglio-produkte.com\/wp-content\/uploads\/2025\/08\/silvia-andrea-doppel-2-ret-34572-400x449.jpg\" class=\"img-responsive wp-image-11345 lazyload\" data-srcset=\"https:\/\/www.soglio-produkte.com\/wp-content\/uploads\/2025\/08\/silvia-andrea-doppel-2-ret-34572-200x225.jpg 200w, https:\/\/www.soglio-produkte.com\/wp-content\/uploads\/2025\/08\/silvia-andrea-doppel-2-ret-34572-400x449.jpg 400w, https:\/\/www.soglio-produkte.com\/wp-content\/uploads\/2025\/08\/silvia-andrea-doppel-2-ret-34572-600x674.jpg 600w, https:\/\/www.soglio-produkte.com\/wp-content\/uploads\/2025\/08\/silvia-andrea-doppel-2-ret-34572-800x898.jpg 800w, https:\/\/www.soglio-produkte.com\/wp-content\/uploads\/2025\/08\/silvia-andrea-doppel-2-ret-34572.jpg 962w\" data-sizes=\"(max-width: 800px) 100vw, 800px\" src=\"data:image\/svg+xml;base64,PHN2ZyB3aWR0aD0iMSIgaGVpZ2h0PSIxIiB4bWxucz0iaHR0cDovL3d3dy53My5vcmcvMjAwMC9zdmciPjwvc3ZnPg==\" style=\"--smush-placeholder-width: 400px; --smush-placeholder-aspect-ratio: 400\/449;\" \/><\/a><\/span><\/div><\/div><div class=\"fusion-sep-clear\"><\/div><div class=\"fusion-separator fusion-full-width-sep\" style=\"margin-left: auto;margin-right: auto;margin-top:10px;margin-bottom:10px;width:100%;\"><\/div><div class=\"fusion-sep-clear\"><\/div><div class=\"fusion-text fusion-text-5\" style=\"--awb-font-size:13px;\"><p style=\"text-align: center;\"><em>Photo \/Source : <a href=\"http:\/\/www.garbald.ch\" target=\"_blank\" rel=\"noopener\">www.garbald.ch<\/a>\n<\/em><\/p>\n<\/div><div class=\"fusion-sep-clear\"><\/div><div class=\"fusion-separator fusion-full-width-sep\" style=\"margin-left: auto;margin-right: auto;margin-top:1em;margin-bottom:1em;width:100%;\"><\/div><div class=\"fusion-sep-clear\"><\/div><div class=\"fusion-clearfix\"><\/div><\/div><\/div><\/div><\/div><div class=\"fusion-fullwidth fullwidth-box fusion-builder-row-2 fusion-flex-container has-pattern-background has-mask-background nonhundred-percent-fullwidth non-hundred-percent-height-scrolling\" style=\"--awb-border-radius-top-left:0px;--awb-border-radius-top-right:0px;--awb-border-radius-bottom-right:0px;--awb-border-radius-bottom-left:0px;--awb-flex-wrap:wrap;\" ><div class=\"fusion-builder-row fusion-row fusion-flex-align-items-flex-start fusion-flex-content-wrap\" style=\"max-width:1456px;margin-left: calc(-4% \/ 2 );margin-right: calc(-4% \/ 2 );\"><div class=\"fusion-layout-column fusion_builder_column fusion-builder-column-3 fusion_builder_column_1_2 1_2 fusion-flex-column\" style=\"--awb-bg-size:cover;--awb-width-large:50%;--awb-margin-top-large:0px;--awb-spacing-right-large:3.84%;--awb-margin-bottom-large:20px;--awb-spacing-left-large:3.84%;--awb-width-medium:100%;--awb-order-medium:0;--awb-spacing-right-medium:1.92%;--awb-spacing-left-medium:1.92%;--awb-width-small:100%;--awb-order-small:0;--awb-spacing-right-small:1.92%;--awb-spacing-left-small:1.92%;\"><div class=\"fusion-column-wrapper fusion-column-has-shadow fusion-flex-justify-content-flex-start fusion-content-layout-column\"><div class=\"fusion-image-element \" style=\"--awb-caption-title-font-family:var(--h2_typography-font-family);--awb-caption-title-font-weight:var(--h2_typography-font-weight);--awb-caption-title-font-style:var(--h2_typography-font-style);--awb-caption-title-size:var(--h2_typography-font-size);--awb-caption-title-transform:var(--h2_typography-text-transform);--awb-caption-title-line-height:var(--h2_typography-line-height);--awb-caption-title-letter-spacing:var(--h2_typography-letter-spacing);\"><span class=\" fusion-imageframe imageframe-none imageframe-2 hover-type-none\"><a class=\"fusion-no-lightbox\" href=\"https:\/\/www.garbald.ch\" target=\"_self\" aria-label=\"silvia-andrea-doppel-2-ret-34572\" rel=\"noopener\"><img decoding=\"async\" width=\"400\" height=\"457\" alt=\"Silvia_Andrea\" data-src=\"https:\/\/www.soglio-produkte.com\/wp-content\/uploads\/2025\/08\/silvia-andrea-doppel-2-ret-34572-1-400x457.jpg\" class=\"img-responsive wp-image-11351 lazyload\" data-srcset=\"https:\/\/www.soglio-produkte.com\/wp-content\/uploads\/2025\/08\/silvia-andrea-doppel-2-ret-34572-1-200x229.jpg 200w, https:\/\/www.soglio-produkte.com\/wp-content\/uploads\/2025\/08\/silvia-andrea-doppel-2-ret-34572-1-400x457.jpg 400w, https:\/\/www.soglio-produkte.com\/wp-content\/uploads\/2025\/08\/silvia-andrea-doppel-2-ret-34572-1-600x686.jpg 600w, https:\/\/www.soglio-produkte.com\/wp-content\/uploads\/2025\/08\/silvia-andrea-doppel-2-ret-34572-1-800x914.jpg 800w, https:\/\/www.soglio-produkte.com\/wp-content\/uploads\/2025\/08\/silvia-andrea-doppel-2-ret-34572-1.jpg 945w\" data-sizes=\"(max-width: 1024px) 100vw, (max-width: 640px) 100vw, 800px\" src=\"data:image\/svg+xml;base64,PHN2ZyB3aWR0aD0iMSIgaGVpZ2h0PSIxIiB4bWxucz0iaHR0cDovL3d3dy53My5vcmcvMjAwMC9zdmciPjwvc3ZnPg==\" style=\"--smush-placeholder-width: 400px; --smush-placeholder-aspect-ratio: 400\/457;\" \/><\/a><\/span><\/div><div class=\"fusion-separator fusion-full-width-sep\" style=\"align-self: center;margin-left: auto;margin-right: auto;margin-top:1em;margin-bottom:1em;width:100%;\"><\/div><div class=\"fusion-text fusion-text-6\" style=\"--awb-font-size:14px;\"><p><strong>\u00a0Source :<a href=\"https:\/\/www.garbald.ch\/de\/nachlass-garbald\/silvia-andrea)\" target=\"_blank\" rel=\"noopener\"> https:\/\/www.garbald.ch<\/a>\n<\/strong><\/p>\n<\/div><\/div><\/div><div class=\"fusion-layout-column fusion_builder_column fusion-builder-column-4 fusion_builder_column_1_2 1_2 fusion-flex-column\" style=\"--awb-bg-size:cover;--awb-width-large:50%;--awb-margin-top-large:0px;--awb-spacing-right-large:3.84%;--awb-margin-bottom-large:20px;--awb-spacing-left-large:3.84%;--awb-width-medium:100%;--awb-order-medium:0;--awb-spacing-right-medium:1.92%;--awb-spacing-left-medium:1.92%;--awb-width-small:100%;--awb-order-small:0;--awb-spacing-right-small:1.92%;--awb-spacing-left-small:1.92%;\"><div class=\"fusion-column-wrapper fusion-column-has-shadow fusion-flex-justify-content-flex-start fusion-content-layout-column\"><div class=\"fusion-text fusion-text-7\"><p>\u00c0 21 ans, elle \u00e9pousa Agostino et d\u00e9m\u00e9nagea avec lui \u00e0 Castasegna, dans la r\u00e9gion italophone du Val Bregaglia. Leur mariage \u00e9tait peu conventionnel pour l&rsquo;\u00e9poque et fond\u00e9 sur l&rsquo;\u00e9galit\u00e9. Agostino, douanier, s&rsquo;int\u00e9ressait aux sciences naturelles, tandis que Johanna se consacrait enti\u00e8rement \u00e0 sa passion pour la langue et la litt\u00e9rature. Elle \u00e9crivait ses \u0153uvres en allemand, bien qu&rsquo;elle ait grandi en rh\u00e9to-romanche et v\u00e9cu dans la r\u00e9gion italophone \u2013 le multilinguisme a marqu\u00e9 sa vie.<\/p>\n<\/div><div class=\"fusion-separator fusion-full-width-sep\" style=\"align-self: center;margin-left: auto;margin-right: auto;margin-top:1em;margin-bottom:1em;width:100%;\"><\/div><div class=\"fusion-text fusion-text-8\"><p>JElle a beaucoup \u00e9crit, en particulier pendant les ann\u00e9es o\u00f9 elle n&rsquo;avait pas d&rsquo;enfants. \u00c0 37 ans, elle est devenue m\u00e8re d&rsquo;Andrea, puis de Margherita et Augusto. M\u00eame apr\u00e8s \u00eatre devenue m\u00e8re, elle a continu\u00e9 \u00e0 \u00e9crire, r\u00e9digeant ses propres textes et travaillant pour divers magazines suisses. Elle est devenue une voix importante de la litt\u00e9rature suisse.<\/p>\n<\/div><\/div><\/div><div class=\"fusion-layout-column fusion_builder_column fusion-builder-column-5 fusion_builder_column_1_1 1_1 fusion-flex-column\" style=\"--awb-bg-size:cover;--awb-width-large:100%;--awb-margin-top-large:0px;--awb-spacing-right-large:1.92%;--awb-margin-bottom-large:20px;--awb-spacing-left-large:1.92%;--awb-width-medium:100%;--awb-order-medium:0;--awb-spacing-right-medium:1.92%;--awb-spacing-left-medium:1.92%;--awb-width-small:100%;--awb-order-small:0;--awb-spacing-right-small:1.92%;--awb-spacing-left-small:1.92%;\"><div class=\"fusion-column-wrapper fusion-column-has-shadow fusion-flex-justify-content-flex-start fusion-content-layout-column\"><div class=\"fusion-separator fusion-full-width-sep\" style=\"align-self: center;margin-left: auto;margin-right: auto;margin-top:1em;margin-bottom:1em;width:100%;\"><\/div><div class=\"fusion-text fusion-text-9\"><p>Ses r\u00e9cits historiques sur l&rsquo;histoire des Grisons, qui se distinguaient par leur langage vivant et humoristique, \u00e9taient particuli\u00e8rement appr\u00e9ci\u00e9s. Le destin des femmes \u00e9tait souvent au centre de ses pr\u00e9occupations, notamment celui des femmes cultiv\u00e9es qui suivaient leur propre voie. Cependant, bon nombre de ces textes n&rsquo;ont touch\u00e9 qu&rsquo;un public restreint, raison pour laquelle son engagement en faveur des questions f\u00e9minines est rest\u00e9 plut\u00f4t discret.<\/p>\n<\/div><div class=\"fusion-separator fusion-full-width-sep\" style=\"align-self: center;margin-left: auto;margin-right: auto;margin-top:1em;margin-bottom:1em;width:100%;\"><\/div><div class=\"fusion-text fusion-text-10\"><p>Johanna vivait avec sa famille dans la villa con\u00e7ue par Gottfried Semper pr\u00e8s de la fronti\u00e8re italienne (cf. magazine SOGLIO n\u00b0 66, 2024, \u00ab Villa Garbald \u2013 Un lieu de r\u00e9flexion \u00e0 l&rsquo;histoire mouvement\u00e9e \u00bb). Elle a pass\u00e9 toute sa vie \u00e0 Castasegna et y est d\u00e9c\u00e9d\u00e9e en mars 1935.<\/p>\n<p>Ses \u0153uvres sont longtemps tomb\u00e9es dans l&rsquo;oubli. Ce n&rsquo;est qu&rsquo;en 2014 qu&rsquo;une \u00e9dition en quatre volumes a remis en lumi\u00e8re ses textes les plus importants, offrant ainsi un nouvel acc\u00e8s \u00e0 une femme importante de l&rsquo;histoire litt\u00e9raire et culturelle suisse.<\/p>\n<\/div><div class=\"fusion-separator fusion-full-width-sep\" style=\"align-self: center;margin-left: auto;margin-right: auto;margin-top:1em;margin-bottom:1em;width:100%;\"><\/div><\/div><\/div><\/div><\/div><div class=\"fusion-fullwidth fullwidth-box fusion-builder-row-3 nonhundred-percent-fullwidth non-hundred-percent-height-scrolling\" style=\"--awb-border-radius-top-left:0px;--awb-border-radius-top-right:0px;--awb-border-radius-bottom-right:0px;--awb-border-radius-bottom-left:0px;--awb-margin-top:50px;--awb-flex-wrap:wrap;\" ><div class=\"fusion-builder-row fusion-row\"><div class=\"fusion-layout-column fusion_builder_column fusion-builder-column-6 fusion_builder_column_1_1 1_1 fusion-one-full fusion-column-first fusion-column-last\" style=\"--awb-bg-size:cover;--awb-box-shadow: 0px 0px ;;--awb-border-color:var(--awb-color6);--awb-border-top:4px;--awb-border-right:4px;--awb-border-bottom:4px;--awb-border-left:4px;--awb-border-style:solid;\" data-scroll-devices=\"small-visibility,medium-visibility,large-visibility\"><div class=\"fusion-column-wrapper fusion-column-has-shadow fusion-flex-column-wrapper-legacy\"><div class=\"fusion-sep-clear\"><\/div><div class=\"fusion-separator fusion-full-width-sep\" style=\"margin-left: auto;margin-right: auto;margin-top:1px;margin-bottom:1px;width:100%;\"><\/div><div class=\"fusion-sep-clear\"><\/div><div class=\"fusion-text fusion-text-11\" style=\"--awb-font-size:26px;\"><p style=\"text-align: center;\">Abonnez-vous \u00e0 la <span style=\"color: #008000;\"><a style=\"color: #008000;\" href=\"https:\/\/www.soglio-produkte.com\/fr\/newsletter\/\">Newsletter<\/a><\/span> SOGLIO pour d\u00e9couvrir nos nouveaux articles de blog.<\/p>\n<\/div><div class=\"fusion-sep-clear\"><\/div><div class=\"fusion-separator fusion-full-width-sep\" style=\"margin-left: auto;margin-right: auto;margin-top:1px;margin-bottom:1px;width:100%;\"><\/div><div class=\"fusion-sep-clear\"><\/div><div class=\"fusion-text fusion-text-12\" style=\"--awb-font-size:18px;\"><p style=\"text-align: center;\">Cet article fait partie d\u2019une s\u00e9rie que nous pr\u00e9sentons dans notre newsletter. Environ une fois par mois para\u00eet une nouvelle \u00e9dition.<\/p>\n<\/div><div class=\"fusion-sep-clear\"><\/div><div class=\"fusion-separator fusion-full-width-sep\" style=\"margin-left: auto;margin-right: auto;margin-top:1px;margin-bottom:1px;width:100%;\"><\/div><div class=\"fusion-sep-clear\"><\/div><div class=\"fusion-clearfix\"><\/div><\/div><\/div><div class=\"fusion-layout-column fusion_builder_column fusion-builder-column-7 fusion_builder_column_1_1 1_1 fusion-one-full fusion-column-first fusion-column-last\" style=\"--awb-bg-size:cover;\"><div class=\"fusion-column-wrapper fusion-flex-column-wrapper-legacy\"><div class=\"fusion-clearfix\"><\/div><\/div><\/div><\/div><\/div><div class=\"fusion-fullwidth fullwidth-box fusion-builder-row-4 nonhundred-percent-fullwidth non-hundred-percent-height-scrolling\" style=\"--awb-border-radius-top-left:0px;--awb-border-radius-top-right:0px;--awb-border-radius-bottom-right:0px;--awb-border-radius-bottom-left:0px;--awb-padding-top:20px;--awb-padding-bottom:0px;--awb-background-color:#f8f9e6;--awb-flex-wrap:wrap;\" ><div class=\"fusion-builder-row fusion-row\"><div class=\"fusion-layout-column fusion_builder_column fusion-builder-column-8 fusion_builder_column_1_1 1_1 fusion-one-full fusion-column-first fusion-column-last\" style=\"--awb-bg-size:cover;\"><div class=\"fusion-column-wrapper fusion-flex-column-wrapper-legacy\"><div class=\"fusion-text fusion-text-13\"><h3 style=\"text-align: center;\">AVEZ-VOUS DES QUESTIONS? APPELEZ-NOUS AU <a href=\"tel:+41818221843\">+41 (0)81 822 18 43<\/a><\/h3>\n<h4 style=\"text-align: center;\">Notre service t\u00e9l\u00e9phonique est ouvert du lundi au vendredi, de 08.00 \u00e0 12.00 h et de 13.30 \u00e0 17.30 h.<\/h4>\n<\/div><div class=\"fusion-clearfix\"><\/div><\/div><\/div><div class=\"fusion-layout-column fusion_builder_column fusion-builder-column-9 fusion_builder_column_1_4 1_4 fusion-one-fourth fusion-column-first\" style=\"--awb-bg-size:cover;width:25%;width:calc(25% - ( ( 4% + 4% + 4% ) * 0.25 ) );margin-right: 4%;\"><div class=\"fusion-column-wrapper fusion-flex-column-wrapper-legacy\"><h4>Contact Suisse<\/h4>\nSOGLIO-PRODUKTE SA<br \/>\nVia Principale 21<br \/>\n7608 Castasegna<br \/>\nSuisse<br \/>\n<br \/>\nTel. <a href=\"tel:+41818221843\">+41 (0)81 822 18 43<\/a><br \/>\nFax +41 (0)81 822 19 70<br \/>\n<a href=\"mailto:mail@soglio-produkte.ch\">mail@soglio-produkte.ch<\/a><div class=\"fusion-clearfix\"><\/div><\/div><\/div><div class=\"fusion-layout-column fusion_builder_column fusion-builder-column-10 fusion_builder_column_1_4 1_4 fusion-one-fourth\" style=\"--awb-bg-size:cover;width:25%;width:calc(25% - ( ( 4% + 4% + 4% ) * 0.25 ) );margin-right: 4%;\"><div class=\"fusion-column-wrapper fusion-flex-column-wrapper-legacy\"><h4>Contact UE<\/h4>\nSOGLIO (Deutschland) GmbH<br \/>\nHauptstr. 29<br \/>\n79807 Lottstetten<br \/>\nAllemagne<br \/>\n<br \/>\n<a href=\"mailto:mail@soglio-produkte.eu\">mail@soglio-produkte.eu<\/a><div class=\"fusion-clearfix\"><\/div><\/div><\/div><div class=\"fusion-layout-column fusion_builder_column fusion-builder-column-11 fusion_builder_column_1_4 1_4 fusion-one-fourth\" style=\"--awb-bg-size:cover;width:25%;width:calc(25% - ( ( 4% + 4% + 4% ) * 0.25 ) );margin-right: 4%;\"><div class=\"fusion-column-wrapper fusion-flex-column-wrapper-legacy\"><h4>Heures d\u2019ouverture magasin \u00e0 Castasegna<\/h4>\nLun \u00e0 Ven, 8.00 \u00e0 12.00 h<br \/>\net 13.30 \u00e0 18.00 h<br \/>\n<h4>Heures d\u2019ouverture magasin \u00e0 Soglio<\/h4>\nde juin jusqu\u2019\u00e0 mi octobre<br \/>\nMer* \/ Jeu \/ Ven \/ Sam 11.00 \u00e0 17.00 h<br \/>\n*\u00e0 partir de juillet<div class=\"fusion-clearfix\"><\/div><\/div><\/div><div class=\"fusion-layout-column fusion_builder_column fusion-builder-column-12 fusion_builder_column_1_4 1_4 fusion-one-fourth fusion-column-last\" style=\"--awb-bg-size:cover;width:25%;width:calc(25% - ( ( 4% + 4% + 4% ) * 0.25 ) );\"><div class=\"fusion-column-wrapper fusion-flex-column-wrapper-legacy\"><h4>L\u00e9gal<\/h4>\n<a href=\"https:\/\/www.soglio-produkte.com\/fr\/conditions-generales-de-vente\/\" style=\"text-decoration:underline;\">Conditions g\u00e9n\u00e9rales de vente<\/a><br \/>\n<a href=\"https:\/\/www.soglio-produkte.com\/fr\/impressum\/\" style=\"text-decoration:underline;\">Impressum<\/a><br \/>\n<a href=\"https:\/\/www.soglio-produkte.com\/fr\/dataprotection\/\" style=\"text-decoration:underline;\">D\u00e9claration relative \u00e0 la protection des donn\u00e9es<\/a><br \/>\n<a href=\"https:\/\/www.soglio-produkte.com\/fr\/expedition-modalites-de-paiement\/\" style=\"text-decoration:underline;\">Exp\u00e9dition & modalit\u00e9s de paiement<\/a><div class=\"fusion-text fusion-text-14\"><h4>R\u00e9seaux sociaux<\/h4>\n<p><a href=\"https:\/\/www.facebook.com\/soglio.produkte.Kraft.der.Berge\" target=\"_blank\" rel=\"noopener noreferrer\"><img decoding=\"async\" class=\"wp-image-830 size-full lazyload\" data-src=\"https:\/\/www.soglio-produkte.com\/wp-content\/uploads\/2019\/05\/54997.png\" alt=\"Facebook\" width=\"51\" height=\"51\" src=\"data:image\/svg+xml;base64,PHN2ZyB3aWR0aD0iMSIgaGVpZ2h0PSIxIiB4bWxucz0iaHR0cDovL3d3dy53My5vcmcvMjAwMC9zdmciPjwvc3ZnPg==\" style=\"--smush-placeholder-width: 51px; --smush-placeholder-aspect-ratio: 51\/51;\" \/><\/a><a href=\"https:\/\/www.instagram.com\/soglio.produkte\" target=\"_blank\" rel=\"noopener noreferrer\"> <img decoding=\"async\" class=\"wp-image-830 size-full lazyload\" data-src=\"https:\/\/www.soglio-produkte.com\/wp-content\/uploads\/2019\/05\/glyph-logo_may2016.png\" alt=\"Instagram\" width=\"51\" height=\"51\" src=\"data:image\/svg+xml;base64,PHN2ZyB3aWR0aD0iMSIgaGVpZ2h0PSIxIiB4bWxucz0iaHR0cDovL3d3dy53My5vcmcvMjAwMC9zdmciPjwvc3ZnPg==\" style=\"--smush-placeholder-width: 51px; --smush-placeholder-aspect-ratio: 51\/51;\" \/> <\/a><a href=\"https:\/\/www.pinterest.de\/Soglioprodukte\/\" target=\"_blank\" rel=\"noopener noreferrer\"> <img decoding=\"async\" class=\"wp-image-830 size-full lazyload\" data-src=\"https:\/\/www.soglio-produkte.com\/wp-content\/uploads\/2019\/05\/badgergb-black.png\" alt=\"Pinterest\" width=\"51\" height=\"51\" src=\"data:image\/svg+xml;base64,PHN2ZyB3aWR0aD0iMSIgaGVpZ2h0PSIxIiB4bWxucz0iaHR0cDovL3d3dy53My5vcmcvMjAwMC9zdmciPjwvc3ZnPg==\" style=\"--smush-placeholder-width: 51px; --smush-placeholder-aspect-ratio: 51\/51;\" \/><\/a><\/p>\n<\/div><div class=\"fusion-clearfix\"><\/div><\/div><\/div><\/div><\/div>\n","protected":false},"excerpt":{"rendered":"<p>Johanna Garbald, connue sous le nom de Silvia Andrea (1840\u20131935), fut une voix marquante de la litt\u00e9rature suisse. Dans ses r\u00e9cits historiques vivants et ses histoires de femmes empreintes de sensibilit\u00e9, le multilinguisme se m\u00eale \u00e0 un regard moderne \u2013 une autrice \u00e0 red\u00e9couvrir.<\/p>\n","protected":false},"author":3,"featured_media":11358,"comment_status":"open","ping_status":"open","sticky":false,"template":"","format":"standard","meta":{"footnotes":""},"categories":[214,203],"tags":[],"class_list":["post-11499","post","type-post","status-publish","format-standard","has-post-thumbnail","hentry","category-personnalites-du-val-bregaglia","category-val-bregaglia-fr"],"_links":{"self":[{"href":"https:\/\/www.soglio-produkte.com\/fr\/wp-json\/wp\/v2\/posts\/11499","targetHints":{"allow":["GET"]}}],"collection":[{"href":"https:\/\/www.soglio-produkte.com\/fr\/wp-json\/wp\/v2\/posts"}],"about":[{"href":"https:\/\/www.soglio-produkte.com\/fr\/wp-json\/wp\/v2\/types\/post"}],"author":[{"embeddable":true,"href":"https:\/\/www.soglio-produkte.com\/fr\/wp-json\/wp\/v2\/users\/3"}],"replies":[{"embeddable":true,"href":"https:\/\/www.soglio-produkte.com\/fr\/wp-json\/wp\/v2\/comments?post=11499"}],"version-history":[{"count":5,"href":"https:\/\/www.soglio-produkte.com\/fr\/wp-json\/wp\/v2\/posts\/11499\/revisions"}],"predecessor-version":[{"id":11503,"href":"https:\/\/www.soglio-produkte.com\/fr\/wp-json\/wp\/v2\/posts\/11499\/revisions\/11503"}],"wp:featuredmedia":[{"embeddable":true,"href":"https:\/\/www.soglio-produkte.com\/fr\/wp-json\/wp\/v2\/media\/11358"}],"wp:attachment":[{"href":"https:\/\/www.soglio-produkte.com\/fr\/wp-json\/wp\/v2\/media?parent=11499"}],"wp:term":[{"taxonomy":"category","embeddable":true,"href":"https:\/\/www.soglio-produkte.com\/fr\/wp-json\/wp\/v2\/categories?post=11499"},{"taxonomy":"post_tag","embeddable":true,"href":"https:\/\/www.soglio-produkte.com\/fr\/wp-json\/wp\/v2\/tags?post=11499"}],"curies":[{"name":"wp","href":"https:\/\/api.w.org\/{rel}","templated":true}]}}