{"id":11111,"date":"2025-04-15T15:56:01","date_gmt":"2025-04-15T13:56:01","guid":{"rendered":"https:\/\/www.soglio-produkte.com\/personalita-della-bregaglia-andrea-garbald\/"},"modified":"2026-02-05T14:22:53","modified_gmt":"2026-02-05T13:22:53","slug":"andrea-garbald","status":"publish","type":"post","link":"https:\/\/www.soglio-produkte.com\/it\/andrea-garbald\/","title":{"rendered":"Personalit\u00e0 della Bregaglia &#8211; Andrea Garbald"},"content":{"rendered":"<div class=\"fusion-fullwidth fullwidth-box fusion-builder-row-1 nonhundred-percent-fullwidth non-hundred-percent-height-scrolling\" style=\"--awb-border-radius-top-left:0px;--awb-border-radius-top-right:0px;--awb-border-radius-bottom-right:0px;--awb-border-radius-bottom-left:0px;--awb-padding-top:20px;--awb-padding-bottom:20px;--awb-flex-wrap:wrap;\" ><div class=\"fusion-builder-row fusion-row\"><div class=\"fusion-layout-column fusion_builder_column fusion-builder-column-0 fusion_builder_column_1_1 1_1 fusion-one-full fusion-column-first fusion-column-last\" style=\"--awb-bg-size:cover;\"><div class=\"fusion-column-wrapper fusion-column-has-shadow fusion-flex-column-wrapper-legacy\"><div class=\"fusion-title title fusion-title-1 fusion-sep-none fusion-title-center fusion-title-text fusion-title-size-three\" style=\"--awb-margin-top-small:10px;--awb-margin-right-small:0px;--awb-margin-bottom-small:10px;--awb-margin-left-small:0px;\"><h3 class=\"fusion-title-heading title-heading-center\" style=\"margin:0;\"><p style=\"text-align: center;\"><strong>Personalit\u00e0 della Bregaglia<\/strong><\/p><br><\/h3><\/div><div class=\"fusion-sep-clear\"><\/div><div class=\"fusion-separator fusion-full-width-sep\" style=\"margin-left: auto;margin-right: auto;margin-top:1em;margin-bottom:1em;width:100%;\"><\/div><div class=\"fusion-sep-clear\"><\/div><div class=\"fusion-title title fusion-title-2 fusion-sep-none fusion-title-center fusion-title-text fusion-title-size-one\" style=\"--awb-margin-top-small:10px;--awb-margin-right-small:0px;--awb-margin-bottom-small:10px;--awb-margin-left-small:0px;\"><h1 class=\"fusion-title-heading title-heading-center\" style=\"margin:0;\"><p style=\"text-align: center;\"><strong>Andrea Garbald<\/strong><\/p><\/h1><\/div><div class=\"fusion-text fusion-text-1\" style=\"--awb-font-size:18px;\"><p style=\"text-align: center;\">(1877 \u2013 1958)<\/p>\n<\/div><div class=\"fusion-sep-clear\"><\/div><div class=\"fusion-separator fusion-full-width-sep\" style=\"margin-left: auto;margin-right: auto;margin-top:1em;margin-bottom:1em;width:100%;\"><\/div><div class=\"fusion-sep-clear\"><\/div><div class=\"fusion-clearfix\"><\/div><\/div><\/div><div class=\"fusion-layout-column fusion_builder_column fusion-builder-column-1 fusion_builder_column_1_2 1_2 fusion-one-half fusion-column-first\" style=\"--awb-bg-size:cover;width:50%;width:calc(50% - ( ( 4% ) * 0.5 ) );margin-right: 4%;\"><div class=\"fusion-column-wrapper fusion-flex-column-wrapper-legacy\"><div class=\"fusion-text fusion-text-2\"><p>Andrea Garbald nasce nell\u2019estate del 1877 a Castasegna, in Bregaglia. \u00c8 il primogenito di Agostino e Johanna Garbald-Gredig. Cresce in una famiglia che, pur vivendo in una valle di montagna stretta e semplice, adotta uno stile di vita aperto al mondo, umanistico e improntato alla dimensione sociale. Agostino, il padre, \u00e8 animato da un instancabile spirito di ricerca per le scienze naturali, mentre Johanna raggiunge la fama come scrittrice sotto lo pseudonimo di Silvia Andrea. La famiglia vive in una villa costruita appositamente per loro dal celebre architetto Gottfried Semper. L\u2019infanzia di Andrea, per l\u2019epoca e il luogo, \u00e8 probabilmente fuori dal comune. Le poche testimonianze che abbiamo di lui bambino lo descrivono come un solitario, poco interessato ai coetanei e incline a filosofeggiare piuttosto che a giocare.<\/p>\n<\/div><div class=\"fusion-sep-clear\"><\/div><div class=\"fusion-separator fusion-full-width-sep\" style=\"margin-left: auto;margin-right: auto;margin-top:1em;margin-bottom:1em;width:100%;\"><\/div><div class=\"fusion-sep-clear\"><\/div><div class=\"fusion-text fusion-text-3\"><p>A 19 anni intraprende uno stage e un apprendistato presso il laboratorio fotografico del Politecnico federale di Zurigo. Al suo ritorno, allestisce uno studio fotografico e un negozio di ottica nella villa di famiglia. \u00c8 l\u2019inizio della sua carriera come primo fotografo professionista della Bregaglia. Da quel momento, documenta feste di famiglia, spettacoli teatrali e matrimoni, realizza innumerevoli ritratti e paesaggi e produce serie di cartoline. \u00c8 costantemente affiancato dalla sorella Margherita, che lo aiuta presumibilmente anche nello sviluppo delle fotografie in camera oscura e posa spesso come modella. Grazie alla fortuna accumulata dal padre, Andrea pu\u00f2 permettersi le tecnologie pi\u00f9 avanzate e la miglior carta fotografica.<\/p>\n<\/div><div class=\"fusion-sep-clear\"><\/div><div class=\"fusion-separator fusion-full-width-sep\" style=\"margin-left: auto;margin-right: auto;margin-top:1em;margin-bottom:1em;width:100%;\"><\/div><div class=\"fusion-sep-clear\"><\/div><div class=\"fusion-clearfix\"><\/div><\/div><\/div><div class=\"fusion-layout-column fusion_builder_column fusion-builder-column-2 fusion_builder_column_1_2 1_2 fusion-one-half fusion-column-last\" style=\"--awb-bg-size:cover;width:50%;width:calc(50% - ( ( 4% ) * 0.5 ) );\"><div class=\"fusion-column-wrapper fusion-flex-column-wrapper-legacy\"><div class=\"fusion-image-element fusion-image-align-center in-legacy-container\" style=\"text-align:center;--awb-caption-title-font-family:var(--h2_typography-font-family);--awb-caption-title-font-weight:var(--h2_typography-font-weight);--awb-caption-title-font-style:var(--h2_typography-font-style);--awb-caption-title-size:var(--h2_typography-font-size);--awb-caption-title-transform:var(--h2_typography-text-transform);--awb-caption-title-line-height:var(--h2_typography-line-height);--awb-caption-title-letter-spacing:var(--h2_typography-letter-spacing);\"><div class=\"imageframe-align-center\"><span class=\" fusion-imageframe imageframe-none imageframe-1 hover-type-none\"><img decoding=\"async\" width=\"400\" height=\"581\" alt=\"Fotografo A. Garbald\" title=\"andreagarbald\" data-src=\"https:\/\/www.soglio-produkte.com\/wp-content\/uploads\/2025\/04\/andreagarbald-400x581.jpg\" class=\"img-responsive wp-image-11087 lazyload\" data-srcset=\"https:\/\/www.soglio-produkte.com\/wp-content\/uploads\/2025\/04\/andreagarbald-200x291.jpg 200w, https:\/\/www.soglio-produkte.com\/wp-content\/uploads\/2025\/04\/andreagarbald-400x581.jpg 400w, https:\/\/www.soglio-produkte.com\/wp-content\/uploads\/2025\/04\/andreagarbald-600x872.jpg 600w, https:\/\/www.soglio-produkte.com\/wp-content\/uploads\/2025\/04\/andreagarbald-800x1162.jpg 800w, https:\/\/www.soglio-produkte.com\/wp-content\/uploads\/2025\/04\/andreagarbald.jpg 826w\" data-sizes=\"(max-width: 800px) 100vw, 800px\" src=\"data:image\/svg+xml;base64,PHN2ZyB3aWR0aD0iMSIgaGVpZ2h0PSIxIiB4bWxucz0iaHR0cDovL3d3dy53My5vcmcvMjAwMC9zdmciPjwvc3ZnPg==\" style=\"--smush-placeholder-width: 400px; --smush-placeholder-aspect-ratio: 400\/581;\" \/><\/span><\/div><\/div><div class=\"fusion-sep-clear\"><\/div><div class=\"fusion-separator fusion-full-width-sep\" style=\"margin-left: auto;margin-right: auto;margin-top:10px;margin-bottom:10px;width:100%;\"><\/div><div class=\"fusion-sep-clear\"><\/div><div class=\"fusion-text fusion-text-4\" style=\"--awb-font-size:13px;\"><p style=\"text-align: center;\"><em>Foto: Andrea Garbald \/ Fonte: <a href=\"http:\/\/www.garbald.ch\" target=\"_blank\" rel=\"noopener\">www.garbald.ch<\/a><br \/><\/em><\/p>\n<\/div><div class=\"fusion-sep-clear\"><\/div><div class=\"fusion-separator fusion-full-width-sep\" style=\"margin-left: auto;margin-right: auto;margin-top:1em;margin-bottom:1em;width:100%;\"><\/div><div class=\"fusion-sep-clear\"><\/div><div class=\"fusion-clearfix\"><\/div><\/div><\/div><\/div><\/div><div class=\"fusion-fullwidth fullwidth-box fusion-builder-row-2 fusion-flex-container has-pattern-background has-mask-background nonhundred-percent-fullwidth non-hundred-percent-height-scrolling\" style=\"--awb-border-radius-top-left:0px;--awb-border-radius-top-right:0px;--awb-border-radius-bottom-right:0px;--awb-border-radius-bottom-left:0px;--awb-flex-wrap:wrap;\" ><div class=\"fusion-builder-row fusion-row fusion-flex-align-items-flex-start fusion-flex-content-wrap\" style=\"max-width:1456px;margin-left: calc(-4% \/ 2 );margin-right: calc(-4% \/ 2 );\"><div class=\"fusion-layout-column fusion_builder_column fusion-builder-column-3 fusion_builder_column_1_2 1_2 fusion-flex-column\" style=\"--awb-bg-size:cover;--awb-width-large:50%;--awb-margin-top-large:0px;--awb-spacing-right-large:3.84%;--awb-margin-bottom-large:20px;--awb-spacing-left-large:3.84%;--awb-width-medium:100%;--awb-order-medium:0;--awb-spacing-right-medium:1.92%;--awb-spacing-left-medium:1.92%;--awb-width-small:100%;--awb-order-small:0;--awb-spacing-right-small:1.92%;--awb-spacing-left-small:1.92%;\"><div class=\"fusion-column-wrapper fusion-column-has-shadow fusion-flex-justify-content-flex-start fusion-content-layout-column\"><div class=\"fusion-image-element \" style=\"--awb-caption-title-font-family:var(--h2_typography-font-family);--awb-caption-title-font-weight:var(--h2_typography-font-weight);--awb-caption-title-font-style:var(--h2_typography-font-style);--awb-caption-title-size:var(--h2_typography-font-size);--awb-caption-title-transform:var(--h2_typography-text-transform);--awb-caption-title-line-height:var(--h2_typography-line-height);--awb-caption-title-letter-spacing:var(--h2_typography-letter-spacing);\"><span class=\" fusion-imageframe imageframe-none imageframe-2 hover-type-none\"><a class=\"fusion-no-lightbox\" href=\"https:\/\/www.garbald.ch\" target=\"_self\" aria-label=\"andrea-garbald-fam-giacometti-1911-slide\" rel=\"noopener\"><img decoding=\"async\" width=\"600\" height=\"338\" alt=\"Andrea_Garbald_Fam_Giacometti_1911\" data-src=\"https:\/\/www.soglio-produkte.com\/wp-content\/uploads\/2025\/04\/andrea-garbald-fam-giacometti-1911-slide-600x338.jpg\" class=\"img-responsive wp-image-11097 lazyload\" data-srcset=\"https:\/\/www.soglio-produkte.com\/wp-content\/uploads\/2025\/04\/andrea-garbald-fam-giacometti-1911-slide-200x113.jpg 200w, https:\/\/www.soglio-produkte.com\/wp-content\/uploads\/2025\/04\/andrea-garbald-fam-giacometti-1911-slide-400x225.jpg 400w, https:\/\/www.soglio-produkte.com\/wp-content\/uploads\/2025\/04\/andrea-garbald-fam-giacometti-1911-slide-600x338.jpg 600w, https:\/\/www.soglio-produkte.com\/wp-content\/uploads\/2025\/04\/andrea-garbald-fam-giacometti-1911-slide-800x450.jpg 800w, https:\/\/www.soglio-produkte.com\/wp-content\/uploads\/2025\/04\/andrea-garbald-fam-giacometti-1911-slide-1200x675.jpg 1200w, https:\/\/www.soglio-produkte.com\/wp-content\/uploads\/2025\/04\/andrea-garbald-fam-giacometti-1911-slide.jpg 1920w\" data-sizes=\"(max-width: 1024px) 100vw, (max-width: 640px) 100vw, 800px\" src=\"data:image\/svg+xml;base64,PHN2ZyB3aWR0aD0iMSIgaGVpZ2h0PSIxIiB4bWxucz0iaHR0cDovL3d3dy53My5vcmcvMjAwMC9zdmciPjwvc3ZnPg==\" style=\"--smush-placeholder-width: 600px; --smush-placeholder-aspect-ratio: 600\/338;\" \/><\/a><\/span><\/div><div class=\"fusion-separator fusion-full-width-sep\" style=\"align-self: center;margin-left: auto;margin-right: auto;margin-top:1em;margin-bottom:1em;width:100%;\"><\/div><div class=\"fusion-text fusion-text-5\" style=\"--awb-font-size:14px;\"><p><strong>Famiglia Giacometti 1911 (Foto di Andrea Garbald) Fonte:<a href=\"https:\/\/www.garbald.ch\" target=\"_blank\" rel=\"noopener\"> https:\/\/www.garbald.ch<\/a><br \/><\/strong><\/p>\n<\/div><\/div><\/div><div class=\"fusion-layout-column fusion_builder_column fusion-builder-column-4 fusion_builder_column_1_2 1_2 fusion-flex-column\" style=\"--awb-bg-size:cover;--awb-width-large:50%;--awb-margin-top-large:0px;--awb-spacing-right-large:3.84%;--awb-margin-bottom-large:20px;--awb-spacing-left-large:3.84%;--awb-width-medium:100%;--awb-order-medium:0;--awb-spacing-right-medium:1.92%;--awb-spacing-left-medium:1.92%;--awb-width-small:100%;--awb-order-small:0;--awb-spacing-right-small:1.92%;--awb-spacing-left-small:1.92%;\"><div class=\"fusion-column-wrapper fusion-column-has-shadow fusion-flex-justify-content-flex-start fusion-content-layout-column\"><div class=\"fusion-text fusion-text-6\"><p>Tra i tanti volti della valle, Andrea immortala anche la famiglia Giacometti, composta da sei persone. Una fotografia in particolare, che ritrae il piccolo Alberto Giacometti circondato dalla sua famiglia di artisti, verr\u00e0 pubblicata in quasi tutte le biografie dell\u2019artista \u2013 ma il nome del fotografo non viene mai citato.<\/p>\n<\/div><div class=\"fusion-separator fusion-full-width-sep\" style=\"align-self: center;margin-left: auto;margin-right: auto;margin-top:1em;margin-bottom:1em;width:100%;\"><\/div><div class=\"fusion-text fusion-text-7\"><p>Andrea Garbald, per\u00f2, non si considera soltanto un fotografo, bens\u00ec un artista. Nelle sue opere libere, non intende semplicemente catturare momenti della realt\u00e0, ma valorizzare la bellezza del soggetto, la composizione e l\u2019espressione artistica. Le sue immagini, nelle intenzioni, devono avere la stessa forza evocativa della pittura. Questa ricerca estetica e stilistica, tuttavia, non sempre trova comprensione tra gli abitanti della valle. Probabilmente Andrea rimane, per tutta la vita, l\u2019eccentrico che era da bambino.<\/p>\n<\/div><\/div><\/div><div class=\"fusion-layout-column fusion_builder_column fusion-builder-column-5 fusion_builder_column_1_1 1_1 fusion-flex-column\" style=\"--awb-bg-size:cover;--awb-width-large:100%;--awb-margin-top-large:0px;--awb-spacing-right-large:1.92%;--awb-margin-bottom-large:20px;--awb-spacing-left-large:1.92%;--awb-width-medium:100%;--awb-order-medium:0;--awb-spacing-right-medium:1.92%;--awb-spacing-left-medium:1.92%;--awb-width-small:100%;--awb-order-small:0;--awb-spacing-right-small:1.92%;--awb-spacing-left-small:1.92%;\"><div class=\"fusion-column-wrapper fusion-column-has-shadow fusion-flex-justify-content-flex-start fusion-content-layout-column\"><div class=\"fusion-separator fusion-full-width-sep\" style=\"align-self: center;margin-left: auto;margin-right: auto;margin-top:1em;margin-bottom:1em;width:100%;\"><\/div><div class=\"fusion-text fusion-text-8\"><p>Mentre il fratello minore Agosto emigra in Brasile, dove muore giovane, la sorella Margherita resta a vivere con Andrea nella villa di famiglia fino alla fine. Essendo gli ultimi discendenti dei Garbald, redigono insieme un testamento che prevede la creazione di una fondazione per promuovere il senso artistico e conservare l\u2019opera letteraria della madre. Il lavoro fotografico di Andrea, per\u00f2, non vi \u00e8 menzionato. Cos\u00ec, pur avendo creato un patrimonio culturale prezioso, Andrea Garbald viene dimenticato per molti anni. Dopo la sua morte, l\u2019intera eredit\u00e0 della famiglia scompare dalla scena.<\/p>\n<\/div><div class=\"fusion-separator fusion-full-width-sep\" style=\"align-self: center;margin-left: auto;margin-right: auto;margin-top:1em;margin-bottom:1em;width:100%;\"><\/div><div class=\"fusion-text fusion-text-9\"><p>\u00c8 solo grazie all\u2019artista fotografo Hans Danuser che l\u2019opera fotografica di Garbald viene riscoperta. Per caso, Danuser nella soffitta della villa di Castasegna trova innumerevoli negativi su lastra di vetro, libri, riviste, attrezzature fotografiche e strumenti ottici, riconoscendone subito il valore culturale. Pone cos\u00ec la prima pietra dell\u2019attuale Fondazione Garbald, che trasforma la villa in un centro di seminari, riflessione e incontro. La Fondazione si dedica anche alla conservazione e valorizzazione dell\u2019opera artistica di Andrea Garbald. Oggi, il suo lascito \u00e8 custodito presso il Museo d\u2019Arte dei Grigioni.<\/p>\n<\/div><div class=\"fusion-separator fusion-full-width-sep\" style=\"align-self: center;margin-left: auto;margin-right: auto;margin-top:1em;margin-bottom:1em;width:100%;\"><\/div><\/div><\/div><\/div><\/div><div class=\"fusion-fullwidth fullwidth-box fusion-builder-row-3 nonhundred-percent-fullwidth non-hundred-percent-height-scrolling\" style=\"--awb-border-radius-top-left:0px;--awb-border-radius-top-right:0px;--awb-border-radius-bottom-right:0px;--awb-border-radius-bottom-left:0px;--awb-margin-top:50px;--awb-flex-wrap:wrap;\" ><div class=\"fusion-builder-row fusion-row\"><div class=\"fusion-layout-column fusion_builder_column fusion-builder-column-6 fusion_builder_column_1_1 1_1 fusion-one-full fusion-column-first fusion-column-last\" style=\"--awb-bg-size:cover;--awb-box-shadow: 0px 0px ;;--awb-border-color:var(--awb-color6);--awb-border-top:4px;--awb-border-right:4px;--awb-border-bottom:4px;--awb-border-left:4px;--awb-border-style:solid;\" data-scroll-devices=\"small-visibility,medium-visibility,large-visibility\"><div class=\"fusion-column-wrapper fusion-column-has-shadow fusion-flex-column-wrapper-legacy\"><div class=\"fusion-sep-clear\"><\/div><div class=\"fusion-separator fusion-full-width-sep\" style=\"margin-left: auto;margin-right: auto;margin-top:1px;margin-bottom:1px;width:100%;\"><\/div><div class=\"fusion-sep-clear\"><\/div><div class=\"fusion-text fusion-text-10\" style=\"--awb-font-size:26px;\"><p style=\"text-align: center;\">non perdetevi i nuovi articoli sul blog, abbonatevi alla <span style=\"color: #008000;\"><a style=\"color: #008000;\" href=\"https:\/\/www.soglio-produkte.com\/it\/newsletter\/\">Newsletter<\/a><\/span> SOGLIO.<\/p>\n<p>\u00a0<\/p>\n<\/div><div class=\"fusion-text fusion-text-11\" style=\"--awb-font-size:18px;\"><p style=\"text-align: center;\">Questo articolo fa parte di una serie che presentiamo nella nostra newsletter. La pubblicazione di un nuovo numero avviene circa una volta al mese.<\/p>\n<\/div><div class=\"fusion-sep-clear\"><\/div><div class=\"fusion-separator fusion-full-width-sep\" style=\"margin-left: auto;margin-right: auto;margin-top:1px;margin-bottom:1px;width:100%;\"><\/div><div class=\"fusion-sep-clear\"><\/div><div class=\"fusion-clearfix\"><\/div><\/div><\/div><\/div><\/div><div class=\"fusion-fullwidth fullwidth-box fusion-builder-row-4 nonhundred-percent-fullwidth non-hundred-percent-height-scrolling\" style=\"--awb-border-radius-top-left:0px;--awb-border-radius-top-right:0px;--awb-border-radius-bottom-right:0px;--awb-border-radius-bottom-left:0px;--awb-padding-top:20px;--awb-padding-bottom:0px;--awb-background-color:#f8f9e6;--awb-flex-wrap:wrap;\" ><div class=\"fusion-builder-row fusion-row\"><div class=\"fusion-layout-column fusion_builder_column fusion-builder-column-7 fusion_builder_column_1_1 1_1 fusion-one-full fusion-column-first fusion-column-last\" style=\"--awb-bg-size:cover;\"><div class=\"fusion-column-wrapper fusion-flex-column-wrapper-legacy\"><div class=\"fusion-text fusion-text-12\"><h3 style=\"text-align: center;\">AVETE DELLE DOMANDE? CHIAMATECI ALLO <a href=\"tel:+41818221843\">+41\u00a0(0)81\u00a0822\u00a018\u00a043<\/a><\/h3>\n<h4 style=\"text-align: center;\">Siamo a vostra disposizione dal luned\u00ec al venerd\u00ec, dalle ore 08.00 alle 12.00 e dalle ore 13.30 fino alle 17.30.<\/h4>\n<\/div><div class=\"fusion-clearfix\"><\/div><\/div><\/div><div class=\"fusion-layout-column fusion_builder_column fusion-builder-column-8 fusion_builder_column_1_4 1_4 fusion-one-fourth fusion-column-first\" style=\"--awb-bg-size:cover;width:25%;width:calc(25% - ( ( 4% + 4% + 4% ) * 0.25 ) );margin-right: 4%;\"><div class=\"fusion-column-wrapper fusion-flex-column-wrapper-legacy\"><h4>Contatto Svizzera<\/h4>\nSOGLIO-PRODUKTE SA<br \/>\nVia Principale 21<br \/>\n7608 Castasegna<br \/>\nSvizzera<br \/>\n<br \/>\nTel. <a href=\"tel:+41818221843\">+41 (0)81 822 18 43<\/a><br \/>\nFax +41 (0)81 822 19 70<br \/>\n<a href=\"mailto:mail@soglio-produkte.ch\">mail@soglio-produkte.ch<\/a><div class=\"fusion-clearfix\"><\/div><\/div><\/div><div class=\"fusion-layout-column fusion_builder_column fusion-builder-column-9 fusion_builder_column_1_4 1_4 fusion-one-fourth\" style=\"--awb-bg-size:cover;width:25%;width:calc(25% - ( ( 4% + 4% + 4% ) * 0.25 ) );margin-right: 4%;\"><div class=\"fusion-column-wrapper fusion-flex-column-wrapper-legacy\"><h4>Contatto UE<\/h4>\nSOGLIO (Deutschland) GmbH<br \/>\nHauptstra\u00dfe 29<br \/>\n79807 Lottstetten<br \/>\nGermania<br \/>\n<br \/>\n<a href=\"mailto:mail@soglio-produkte.eu\">mail@soglio-produkte.eu<\/a><div class=\"fusion-clearfix\"><\/div><\/div><\/div><div class=\"fusion-layout-column fusion_builder_column fusion-builder-column-10 fusion_builder_column_1_4 1_4 fusion-one-fourth\" style=\"--awb-bg-size:cover;width:25%;width:calc(25% - ( ( 4% + 4% + 4% ) * 0.25 ) );margin-right: 4%;\"><div class=\"fusion-column-wrapper fusion-flex-column-wrapper-legacy\"><h4>Orari d'apertura negozio a Castasegna<\/h4>\nLu \u2013 Ve, ore 8.00 fino alle 12.00<br \/>\ne dalle ore 13.30 fino alle 18.00<br \/>\n<h4>Orari d'apertura negozio a Soglio<\/h4>\nDa giugno a met\u00e0 ottobre<br \/>\nMe*\/Gi\/Ve\/Sa ore 11.00 fino alle 17.00<br \/>\n*a partire da luglio<div class=\"fusion-clearfix\"><\/div><\/div><\/div><div class=\"fusion-layout-column fusion_builder_column fusion-builder-column-11 fusion_builder_column_1_4 1_4 fusion-one-fourth fusion-column-last\" style=\"--awb-bg-size:cover;width:25%;width:calc(25% - ( ( 4% + 4% + 4% ) * 0.25 ) );\"><div class=\"fusion-column-wrapper fusion-flex-column-wrapper-legacy\"><h4>Legale<\/h4>\n<a href=\"https:\/\/www.soglio-produkte.com\/it\/condizioni-generali-di-contratto\/\" style=\"text-decoration:underline;\">Condizioni generali di contratto<\/a><br \/>\n<a href=\"https:\/\/www.soglio-produkte.com\/it\/impressum\/\" style=\"text-decoration:underline;\">Impressum<\/a><br \/>\n<a href=\"https:\/\/www.soglio-produkte.com\/it\/informativa-sulla-privacy\/\" style=\"text-decoration:underline;\">Informativa sulla privacy<\/a><br \/>\n<a href=\"https:\/\/www.soglio-produkte.com\/it\/spedizione-e-modalita-di-pagamento\/\" style=\"text-decoration:underline;\">Spedizione e modalit\u00e0 di pagamento<\/a><div class=\"fusion-text fusion-text-13\"><h4>Social Media<\/h4>\n<p><a href=\"https:\/\/www.facebook.com\/soglio.produkte.Kraft.der.Berge\" target=\"_blank\" rel=\"noopener noreferrer\"><img decoding=\"async\" class=\"wp-image-830 size-full lazyload\" data-src=\"https:\/\/www.soglio-produkte.com\/wp-content\/uploads\/2019\/05\/54997.png\" alt=\"Facebook\" width=\"51\" height=\"51\" src=\"data:image\/svg+xml;base64,PHN2ZyB3aWR0aD0iMSIgaGVpZ2h0PSIxIiB4bWxucz0iaHR0cDovL3d3dy53My5vcmcvMjAwMC9zdmciPjwvc3ZnPg==\" style=\"--smush-placeholder-width: 51px; --smush-placeholder-aspect-ratio: 51\/51;\" \/><\/a><a href=\"https:\/\/www.instagram.com\/soglio.produkte\" target=\"_blank\" rel=\"noopener noreferrer\"> <img decoding=\"async\" class=\"wp-image-830 size-full lazyload\" data-src=\"https:\/\/www.soglio-produkte.com\/wp-content\/uploads\/2019\/05\/glyph-logo_may2016.png\" alt=\"Instagram\" width=\"51\" height=\"51\" src=\"data:image\/svg+xml;base64,PHN2ZyB3aWR0aD0iMSIgaGVpZ2h0PSIxIiB4bWxucz0iaHR0cDovL3d3dy53My5vcmcvMjAwMC9zdmciPjwvc3ZnPg==\" style=\"--smush-placeholder-width: 51px; --smush-placeholder-aspect-ratio: 51\/51;\" \/> <\/a><a href=\"https:\/\/www.pinterest.de\/Soglioprodukte\/\" target=\"_blank\" rel=\"noopener noreferrer\"> <img decoding=\"async\" class=\"wp-image-830 size-full lazyload\" data-src=\"https:\/\/www.soglio-produkte.com\/wp-content\/uploads\/2019\/05\/badgergb-black.png\" alt=\"Pinterest\" width=\"51\" height=\"51\" src=\"data:image\/svg+xml;base64,PHN2ZyB3aWR0aD0iMSIgaGVpZ2h0PSIxIiB4bWxucz0iaHR0cDovL3d3dy53My5vcmcvMjAwMC9zdmciPjwvc3ZnPg==\" style=\"--smush-placeholder-width: 51px; --smush-placeholder-aspect-ratio: 51\/51;\" \/><\/a><\/p>\n<\/div><div class=\"fusion-clearfix\"><\/div><\/div><\/div><\/div><\/div>\n","protected":false},"excerpt":{"rendered":"<p>Primo fotografo professionista della Bregaglia, Andrea Garbald ha vissuto tra originalit\u00e0 artistica e avanguardia fotografica. Dimenticato per decenni, il suo lavoro \u00e8 stato riscoperto come importante patrimonio culturale solo grazie a un casuale ritrovamento a Castasegna.<\/p>\n","protected":false},"author":3,"featured_media":11106,"comment_status":"closed","ping_status":"closed","sticky":false,"template":"","format":"standard","meta":{"footnotes":""},"categories":[168,213],"tags":[],"class_list":["post-11111","post","type-post","status-publish","format-standard","has-post-thumbnail","hentry","category-bregaglia","category-personalita-dalla-bregaglia"],"_links":{"self":[{"href":"https:\/\/www.soglio-produkte.com\/it\/wp-json\/wp\/v2\/posts\/11111","targetHints":{"allow":["GET"]}}],"collection":[{"href":"https:\/\/www.soglio-produkte.com\/it\/wp-json\/wp\/v2\/posts"}],"about":[{"href":"https:\/\/www.soglio-produkte.com\/it\/wp-json\/wp\/v2\/types\/post"}],"author":[{"embeddable":true,"href":"https:\/\/www.soglio-produkte.com\/it\/wp-json\/wp\/v2\/users\/3"}],"replies":[{"embeddable":true,"href":"https:\/\/www.soglio-produkte.com\/it\/wp-json\/wp\/v2\/comments?post=11111"}],"version-history":[{"count":6,"href":"https:\/\/www.soglio-produkte.com\/it\/wp-json\/wp\/v2\/posts\/11111\/revisions"}],"predecessor-version":[{"id":12184,"href":"https:\/\/www.soglio-produkte.com\/it\/wp-json\/wp\/v2\/posts\/11111\/revisions\/12184"}],"wp:featuredmedia":[{"embeddable":true,"href":"https:\/\/www.soglio-produkte.com\/it\/wp-json\/wp\/v2\/media\/11106"}],"wp:attachment":[{"href":"https:\/\/www.soglio-produkte.com\/it\/wp-json\/wp\/v2\/media?parent=11111"}],"wp:term":[{"taxonomy":"category","embeddable":true,"href":"https:\/\/www.soglio-produkte.com\/it\/wp-json\/wp\/v2\/categories?post=11111"},{"taxonomy":"post_tag","embeddable":true,"href":"https:\/\/www.soglio-produkte.com\/it\/wp-json\/wp\/v2\/tags?post=11111"}],"curies":[{"name":"wp","href":"https:\/\/api.w.org\/{rel}","templated":true}]}}