{"id":11911,"date":"2025-11-27T16:58:22","date_gmt":"2025-11-27T15:58:22","guid":{"rendered":"https:\/\/www.soglio-produkte.com\/personalita-della-bregaglia-la-famiglia-nobiliare-von-salis\/"},"modified":"2025-11-27T17:40:59","modified_gmt":"2025-11-27T16:40:59","slug":"la-famiglia-nobiliare-von-salis","status":"publish","type":"post","link":"https:\/\/www.soglio-produkte.com\/it\/la-famiglia-nobiliare-von-salis\/","title":{"rendered":"Personalit\u00e0 della Bregaglia \u2013 La famiglia nobiliare von Salis"},"content":{"rendered":"<div class=\"fusion-fullwidth fullwidth-box fusion-builder-row-1 nonhundred-percent-fullwidth non-hundred-percent-height-scrolling\" style=\"--awb-border-radius-top-left:0px;--awb-border-radius-top-right:0px;--awb-border-radius-bottom-right:0px;--awb-border-radius-bottom-left:0px;--awb-padding-top:20px;--awb-padding-bottom:20px;--awb-flex-wrap:wrap;\" ><div class=\"fusion-builder-row fusion-row\"><div class=\"fusion-layout-column fusion_builder_column fusion-builder-column-0 fusion_builder_column_1_1 1_1 fusion-one-full fusion-column-first fusion-column-last\" style=\"--awb-bg-size:cover;\"><div class=\"fusion-column-wrapper fusion-column-has-shadow fusion-flex-column-wrapper-legacy\"><div class=\"fusion-title title fusion-title-1 fusion-sep-none fusion-title-center fusion-title-text fusion-title-size-three\" style=\"--awb-margin-top-small:10px;--awb-margin-right-small:0px;--awb-margin-bottom-small:10px;--awb-margin-left-small:0px;\"><h3 class=\"fusion-title-heading title-heading-center\" style=\"margin:0;\"><p style=\"text-align: center;\"><strong>Personalit\u00e0 della Bregaglia<\/strong><\/p><\/h3><\/div><div class=\"fusion-sep-clear\"><\/div><div class=\"fusion-separator fusion-full-width-sep\" style=\"margin-left: auto;margin-right: auto;margin-top:1em;margin-bottom:1em;width:100%;\"><\/div><div class=\"fusion-sep-clear\"><\/div><div class=\"fusion-title title fusion-title-2 fusion-sep-none fusion-title-center fusion-title-text fusion-title-size-one\" style=\"--awb-margin-top-small:10px;--awb-margin-right-small:0px;--awb-margin-bottom-small:10px;--awb-margin-left-small:0px;\"><h1 class=\"fusion-title-heading title-heading-center\" style=\"margin:0;\"><p style=\"text-align: center;\"><strong>La famiglia nobiliare von Salis<\/strong><\/p><\/h1><\/div><div class=\"fusion-sep-clear\"><\/div><div class=\"fusion-separator fusion-full-width-sep\" style=\"margin-left: auto;margin-right: auto;margin-top:1em;margin-bottom:1em;width:100%;\"><\/div><div class=\"fusion-sep-clear\"><\/div><div class=\"fusion-clearfix\"><\/div><\/div><\/div><div class=\"fusion-layout-column fusion_builder_column fusion-builder-column-1 fusion_builder_column_1_2 1_2 fusion-one-half fusion-column-first\" style=\"--awb-bg-size:cover;width:50%;width:calc(50% - ( ( 4% ) * 0.5 ) );margin-right: 4%;\"><div class=\"fusion-column-wrapper fusion-flex-column-wrapper-legacy\"><div class=\"fusion-text fusion-text-1\"><p>Chiunque abbia visitato Soglio conosce il Palazzo Salis, con il suo splendido giardino nel cuore del villaggio. Un edificio cos\u00ec sontuoso, in un piccolo paese di montagna ai margini della Svizzera, non pu\u00f2 che suscitare curiosit\u00e0:<br>chi era la famiglia von Salis? Cosa la port\u00f2 in Bregaglia e come riusc\u00ec a costruire dimore tanto imponenti?<\/p>\n<\/div><div class=\"fusion-sep-clear\"><\/div><div class=\"fusion-separator fusion-full-width-sep\" style=\"margin-left: auto;margin-right: auto;margin-top:1em;margin-bottom:1em;width:100%;\"><\/div><div class=\"fusion-sep-clear\"><\/div><div class=\"fusion-text fusion-text-2\"><p>La famiglia patrizia von Salis \u00e8 una delle casate nobiliari pi\u00f9 importanti dei Grigioni, in particolare della Bregaglia. Intorno al 1300 compare per la prima volta in documenti ufficiali il nome Rudolfus de Salice de Solio \u2013 Rudolf von Salis di Soglio. A quell\u2019epoca la Bregaglia era una valle remota, ma al tempo stesso un corridoio strategico per il commercio e i pedaggi fra l\u2019Italia e l\u2019area alpina germanofona.<\/p>\n<\/div><div class=\"fusion-sep-clear\"><\/div><div class=\"fusion-separator fusion-full-width-sep\" style=\"margin-left: auto;margin-right: auto;margin-top:1em;margin-bottom:1em;width:100%;\"><\/div><div class=\"fusion-sep-clear\"><\/div><div class=\"fusion-text fusion-text-3\"><p>La via commerciale che collegava Coira al passo del Maloja, a Chiavenna, al Lago di Como e poi a Milano era una delle principali rotte nord-sud per il commercio di sale, vino, cereali, ferro, spezie e molte altre merci.<\/p>\n<p>Gi\u00e0 nel XIV secolo la famiglia von Salis possedeva terreni propri, ricopriva incarichi amministrativi per la diocesi di Coira e svolgeva funzioni locali di governo e giustizia. Con il tempo il suo potere aument\u00f2: i von Salis rivestirono il ruolo di giudici di valle e ottennero diritti di pedaggio, trasformandosi da nobili proprietari terrieri in patrizi mercanti, attivi soprattutto nel commercio del vino e del sale.<\/p>\n<\/div><div class=\"fusion-sep-clear\"><\/div><div class=\"fusion-separator fusion-full-width-sep\" style=\"margin-left: auto;margin-right: auto;margin-top:1em;margin-bottom:1em;width:100%;\"><\/div><div class=\"fusion-sep-clear\"><\/div><div class=\"fusion-clearfix\"><\/div><\/div><\/div><div class=\"fusion-layout-column fusion_builder_column fusion-builder-column-2 fusion_builder_column_1_2 1_2 fusion-one-half fusion-column-last\" style=\"--awb-bg-size:cover;width:50%;width:calc(50% - ( ( 4% ) * 0.5 ) );\"><div class=\"fusion-column-wrapper fusion-flex-column-wrapper-legacy\"><div class=\"fusion-image-element fusion-image-align-center in-legacy-container\" style=\"text-align:center;--awb-caption-title-font-family:var(--h2_typography-font-family);--awb-caption-title-font-weight:var(--h2_typography-font-weight);--awb-caption-title-font-style:var(--h2_typography-font-style);--awb-caption-title-size:var(--h2_typography-font-size);--awb-caption-title-transform:var(--h2_typography-text-transform);--awb-caption-title-line-height:var(--h2_typography-line-height);--awb-caption-title-letter-spacing:var(--h2_typography-letter-spacing);\"><div class=\"imageframe-align-center\"><span class=\" fusion-imageframe imageframe-none imageframe-1 hover-type-none\"><img decoding=\"async\" width=\"250\" height=\"502\" title=\"salis-wappen-hupp\" data-src=\"https:\/\/www.soglio-produkte.com\/wp-content\/uploads\/2025\/11\/salis-wappen-hupp.jpg\" alt class=\"img-responsive wp-image-11886 lazyload\" data-srcset=\"https:\/\/www.soglio-produkte.com\/wp-content\/uploads\/2025\/11\/salis-wappen-hupp-200x402.jpg 200w, https:\/\/www.soglio-produkte.com\/wp-content\/uploads\/2025\/11\/salis-wappen-hupp.jpg 250w\" data-sizes=\"(max-width: 800px) 100vw, 250px\" src=\"data:image\/svg+xml;base64,PHN2ZyB3aWR0aD0iMSIgaGVpZ2h0PSIxIiB4bWxucz0iaHR0cDovL3d3dy53My5vcmcvMjAwMC9zdmciPjwvc3ZnPg==\" style=\"--smush-placeholder-width: 250px; --smush-placeholder-aspect-ratio: 250\/502;\" \/><\/span><\/div><\/div><div class=\"fusion-sep-clear\"><\/div><div class=\"fusion-separator fusion-full-width-sep\" style=\"margin-left: auto;margin-right: auto;margin-top:10px;margin-bottom:10px;width:100%;\"><\/div><div class=\"fusion-sep-clear\"><\/div><div class=\"fusion-text fusion-text-4\" style=\"--awb-font-size:13px;\"><p style=\"text-align: center;\"><em>Fonte foto: <a href=\"https:\/\/en.wikipedia.org\/wiki\/De_Salis,\" target=\"_blank\" rel=\"noopener\">wikipedia.org\/wiki\/De_Salis<\/a><\/em><\/p>\n<\/div><div class=\"fusion-sep-clear\"><\/div><div class=\"fusion-separator fusion-full-width-sep\" style=\"margin-left: auto;margin-right: auto;margin-top:1em;margin-bottom:1em;width:100%;\"><\/div><div class=\"fusion-sep-clear\"><\/div><div class=\"fusion-clearfix\"><\/div><\/div><\/div><\/div><\/div><div class=\"fusion-fullwidth fullwidth-box fusion-builder-row-2 fusion-flex-container has-pattern-background has-mask-background nonhundred-percent-fullwidth non-hundred-percent-height-scrolling\" style=\"--awb-border-radius-top-left:0px;--awb-border-radius-top-right:0px;--awb-border-radius-bottom-right:0px;--awb-border-radius-bottom-left:0px;--awb-flex-wrap:wrap;\" ><div class=\"fusion-builder-row fusion-row fusion-flex-align-items-flex-start fusion-flex-content-wrap\" style=\"max-width:1456px;margin-left: calc(-4% \/ 2 );margin-right: calc(-4% \/ 2 );\"><div class=\"fusion-layout-column fusion_builder_column fusion-builder-column-3 fusion_builder_column_1_2 1_2 fusion-flex-column\" style=\"--awb-bg-size:cover;--awb-width-large:50%;--awb-margin-top-large:0px;--awb-spacing-right-large:3.84%;--awb-margin-bottom-large:20px;--awb-spacing-left-large:3.84%;--awb-width-medium:100%;--awb-order-medium:0;--awb-spacing-right-medium:1.92%;--awb-spacing-left-medium:1.92%;--awb-width-small:100%;--awb-order-small:0;--awb-spacing-right-small:1.92%;--awb-spacing-left-small:1.92%;\"><div class=\"fusion-column-wrapper fusion-column-has-shadow fusion-flex-justify-content-flex-start fusion-content-layout-column\"><div class=\"fusion-image-element \" style=\"--awb-caption-title-font-family:var(--h2_typography-font-family);--awb-caption-title-font-weight:var(--h2_typography-font-weight);--awb-caption-title-font-style:var(--h2_typography-font-style);--awb-caption-title-size:var(--h2_typography-font-size);--awb-caption-title-transform:var(--h2_typography-text-transform);--awb-caption-title-line-height:var(--h2_typography-line-height);--awb-caption-title-letter-spacing:var(--h2_typography-letter-spacing);\"><span class=\" fusion-imageframe imageframe-none imageframe-2 hover-type-none\"><a class=\"fusion-no-lightbox\" href=\"https:\/\/www.palazzosalis.ch\/de\/hotel\/geschichte\" target=\"_self\" aria-label=\"pjilosophie-3\" rel=\"noopener\"><img decoding=\"async\" width=\"2500\" height=\"1821\" alt=\"Palazzo Salis heute ein Hotel\" data-src=\"https:\/\/www.soglio-produkte.com\/wp-content\/uploads\/2025\/11\/pjilosophie-3.jpg\" class=\"img-responsive wp-image-11894 lazyload\" data-srcset=\"https:\/\/www.soglio-produkte.com\/wp-content\/uploads\/2025\/11\/pjilosophie-3-200x146.jpg 200w, https:\/\/www.soglio-produkte.com\/wp-content\/uploads\/2025\/11\/pjilosophie-3-400x291.jpg 400w, https:\/\/www.soglio-produkte.com\/wp-content\/uploads\/2025\/11\/pjilosophie-3-600x437.jpg 600w, https:\/\/www.soglio-produkte.com\/wp-content\/uploads\/2025\/11\/pjilosophie-3-800x583.jpg 800w, https:\/\/www.soglio-produkte.com\/wp-content\/uploads\/2025\/11\/pjilosophie-3-1200x874.jpg 1200w, https:\/\/www.soglio-produkte.com\/wp-content\/uploads\/2025\/11\/pjilosophie-3.jpg 2500w\" data-sizes=\"(max-width: 1024px) 100vw, (max-width: 640px) 100vw, 800px\" src=\"data:image\/svg+xml;base64,PHN2ZyB3aWR0aD0iMSIgaGVpZ2h0PSIxIiB4bWxucz0iaHR0cDovL3d3dy53My5vcmcvMjAwMC9zdmciPjwvc3ZnPg==\" style=\"--smush-placeholder-width: 2500px; --smush-placeholder-aspect-ratio: 2500\/1821;\" \/><\/a><\/span><\/div><div class=\"fusion-separator fusion-full-width-sep\" style=\"align-self: center;margin-left: auto;margin-right: auto;margin-top:1em;margin-bottom:1em;width:100%;\"><\/div><div class=\"fusion-text fusion-text-5\" style=\"--awb-font-size:14px;\"><p><strong>Bild: Palazzo Salis a Soglio<\/strong><\/p>\n<\/div><\/div><\/div><div class=\"fusion-layout-column fusion_builder_column fusion-builder-column-4 fusion_builder_column_1_2 1_2 fusion-flex-column\" style=\"--awb-bg-size:cover;--awb-width-large:50%;--awb-margin-top-large:0px;--awb-spacing-right-large:3.84%;--awb-margin-bottom-large:20px;--awb-spacing-left-large:3.84%;--awb-width-medium:100%;--awb-order-medium:0;--awb-spacing-right-medium:1.92%;--awb-spacing-left-medium:1.92%;--awb-width-small:100%;--awb-order-small:0;--awb-spacing-right-small:1.92%;--awb-spacing-left-small:1.92%;\"><div class=\"fusion-column-wrapper fusion-column-has-shadow fusion-flex-justify-content-flex-start fusion-content-layout-column\"><div class=\"fusion-text fusion-text-6\"><p>Nel XVI secolo, con la diffusione della Riforma in Bregaglia, gran parte della famiglia ader\u00ec al nuovo credo. I von Salis contribuirono alla costruzione delle chiese riformate del territorio e, parallelamente, consolidarono il proprio potere ottenendo privilegi commerciali e contratti militari.<\/p>\n<\/div><div class=\"fusion-separator fusion-full-width-sep\" style=\"align-self: center;margin-left: auto;margin-right: auto;margin-top:1em;margin-bottom:1em;width:100%;\"><\/div><div class=\"fusion-text fusion-text-7\"><p>Il XVII secolo rappresenta la fase di massimo splendore della famiglia. Le ricchezze accumulate grazie al commercio, al transito delle merci e ai servizi mercenari permisero la costruzione di numerose residenze signorili in tutta la valle.<br>Nel 1630 Baptist von Salis fece erigere il magnifico Palazzo Salis a Soglio, che divenne residenza principale e centro amministrativo-economico della famiglia.<\/p>\n<\/div><div class=\"fusion-separator fusion-full-width-sep\" style=\"align-self: center;margin-left: auto;margin-right: auto;margin-top:1em;margin-bottom:1em;width:100%;\"><\/div><div class=\"fusion-text fusion-text-8\"><p>In quei decenni, i von Salis erano ormai una delle casate patrizie pi\u00f9 influenti delle Tre Leghe. Molti membri ricoprivano alte cariche politiche, fungevano da ambasciatori dei Grigioni a Venezia e a Milano e continuavano a controllare l\u2019amministrazione locale e la giustizia in Bregaglia.<\/p>\n<\/div><\/div><\/div><div class=\"fusion-layout-column fusion_builder_column fusion-builder-column-5 fusion_builder_column_1_1 1_1 fusion-flex-column\" style=\"--awb-bg-size:cover;--awb-width-large:100%;--awb-margin-top-large:0px;--awb-spacing-right-large:1.92%;--awb-margin-bottom-large:20px;--awb-spacing-left-large:1.92%;--awb-width-medium:100%;--awb-order-medium:0;--awb-spacing-right-medium:1.92%;--awb-spacing-left-medium:1.92%;--awb-width-small:100%;--awb-order-small:0;--awb-spacing-right-small:1.92%;--awb-spacing-left-small:1.92%;\"><div class=\"fusion-column-wrapper fusion-column-has-shadow fusion-flex-justify-content-flex-start fusion-content-layout-column\"><div class=\"fusion-separator fusion-full-width-sep\" style=\"align-self: center;margin-left: auto;margin-right: auto;margin-top:1em;margin-bottom:1em;width:100%;\"><\/div><div class=\"fusion-text fusion-text-9\"><p>Verso il 1700 l\u2019influenza diretta della famiglia nella valle diminu\u00ec, anche per la formazione di diversi rami. Alcuni membri si stabilirono o studiarono nel vicino Nord Italia, mentre altri si distaccarono dalla linea principale restando comunque legati al territorio.<br>Nonostante ci\u00f2, Soglio \u2013 e in particolare il Palazzo Salis \u2013 rimase il centro simbolico della casata.<\/p>\n<\/div><div class=\"fusion-separator fusion-full-width-sep\" style=\"align-self: center;margin-left: auto;margin-right: auto;margin-top:1em;margin-bottom:1em;width:100%;\"><\/div><\/div><\/div><div class=\"fusion-layout-column fusion_builder_column fusion-builder-column-6 fusion_builder_column_1_2 1_2 fusion-flex-column\" style=\"--awb-bg-size:cover;--awb-width-large:50%;--awb-margin-top-large:0px;--awb-spacing-right-large:3.84%;--awb-margin-bottom-large:20px;--awb-spacing-left-large:3.84%;--awb-width-medium:100%;--awb-order-medium:0;--awb-spacing-right-medium:1.92%;--awb-spacing-left-medium:1.92%;--awb-width-small:100%;--awb-order-small:0;--awb-spacing-right-small:1.92%;--awb-spacing-left-small:1.92%;\"><div class=\"fusion-column-wrapper fusion-column-has-shadow fusion-flex-justify-content-flex-start fusion-content-layout-column\"><div class=\"fusion-text fusion-text-10\"><p>All\u2019inizio del XIX secolo, il matrimonio tra Rita von Salis e il commerciante lombardo Francesco Sertoli un\u00ec la famiglia alla tradizione mercantile e vinicola italiana. Da questa unione nacque la linea Conti Sertoli Salis, attiva ancora oggi nella produzione vitivinicola a Tirano.<\/p>\n<\/div><div class=\"fusion-separator fusion-full-width-sep\" style=\"align-self: center;margin-left: auto;margin-right: auto;margin-top:1em;margin-bottom:1em;width:100%;\"><\/div><div class=\"fusion-text fusion-text-11\"><p>Nel corso dell\u2019Ottocento la famiglia von Salis perse parte della sua importanza politica, mantenendo per\u00f2 prestigio sociale e influenza culturale.<\/p>\n<p>Il Palazzo Salis a Soglio \u00e8 tuttora di propriet\u00e0 della famiglia: una testimonianza vivente dell\u2019antico splendore e della storia nobiliare della Bregaglia.<\/p>\n<\/div><div class=\"fusion-text fusion-text-12\" style=\"--awb-font-size:13px;\"><p style=\"text-align: center;\"><em>Bild: <a href=\"https:\/\/www.palazzosalis.ch\/de\/hotel\/geschichte\" target=\"_blank\" rel=\"noopener\">palazzosalis.ch\/de\/hotel\/geschichte<\/a><\/em><\/p>\n<\/div><\/div><\/div><div class=\"fusion-layout-column fusion_builder_column fusion-builder-column-7 fusion_builder_column_1_2 1_2 fusion-flex-column\" style=\"--awb-bg-size:cover;--awb-width-large:50%;--awb-margin-top-large:0px;--awb-spacing-right-large:3.84%;--awb-margin-bottom-large:20px;--awb-spacing-left-large:3.84%;--awb-width-medium:100%;--awb-spacing-right-medium:1.92%;--awb-spacing-left-medium:1.92%;--awb-width-small:100%;--awb-spacing-right-small:1.92%;--awb-spacing-left-small:1.92%;\"><div class=\"fusion-column-wrapper fusion-flex-justify-content-flex-start fusion-content-layout-column\"><div class=\"fusion-image-element \" style=\"text-align:center;--awb-caption-title-font-family:var(--h2_typography-font-family);--awb-caption-title-font-weight:var(--h2_typography-font-weight);--awb-caption-title-font-style:var(--h2_typography-font-style);--awb-caption-title-size:var(--h2_typography-font-size);--awb-caption-title-transform:var(--h2_typography-text-transform);--awb-caption-title-line-height:var(--h2_typography-line-height);--awb-caption-title-letter-spacing:var(--h2_typography-letter-spacing);\"><span class=\" fusion-imageframe imageframe-none imageframe-3 hover-type-none\"><a class=\"fusion-no-lightbox\" href=\"https:\/\/www.palazzosalis.ch\/de\/hotel\/geschichte\" target=\"_blank\" aria-label=\"palazzo-salis-storia-a7986\" rel=\"noopener noreferrer\"><img decoding=\"async\" width=\"1920\" height=\"1080\" data-src=\"https:\/\/www.soglio-produkte.com\/wp-content\/uploads\/2025\/11\/palazzo-salis-storia-a7986.jpg\" alt class=\"img-responsive wp-image-11898 lazyload\" data-srcset=\"https:\/\/www.soglio-produkte.com\/wp-content\/uploads\/2025\/11\/palazzo-salis-storia-a7986-200x113.jpg 200w, https:\/\/www.soglio-produkte.com\/wp-content\/uploads\/2025\/11\/palazzo-salis-storia-a7986-400x225.jpg 400w, https:\/\/www.soglio-produkte.com\/wp-content\/uploads\/2025\/11\/palazzo-salis-storia-a7986-600x338.jpg 600w, https:\/\/www.soglio-produkte.com\/wp-content\/uploads\/2025\/11\/palazzo-salis-storia-a7986-800x450.jpg 800w, https:\/\/www.soglio-produkte.com\/wp-content\/uploads\/2025\/11\/palazzo-salis-storia-a7986-1200x675.jpg 1200w, https:\/\/www.soglio-produkte.com\/wp-content\/uploads\/2025\/11\/palazzo-salis-storia-a7986.jpg 1920w\" data-sizes=\"(max-width: 1024px) 100vw, (max-width: 640px) 100vw, 800px\" src=\"data:image\/svg+xml;base64,PHN2ZyB3aWR0aD0iMSIgaGVpZ2h0PSIxIiB4bWxucz0iaHR0cDovL3d3dy53My5vcmcvMjAwMC9zdmciPjwvc3ZnPg==\" style=\"--smush-placeholder-width: 1920px; --smush-placeholder-aspect-ratio: 1920\/1080;\" \/><\/a><\/span><\/div><\/div><\/div><\/div><\/div><div class=\"fusion-fullwidth fullwidth-box fusion-builder-row-3 nonhundred-percent-fullwidth non-hundred-percent-height-scrolling\" style=\"--awb-border-radius-top-left:0px;--awb-border-radius-top-right:0px;--awb-border-radius-bottom-right:0px;--awb-border-radius-bottom-left:0px;--awb-margin-top:50px;--awb-flex-wrap:wrap;\" ><div class=\"fusion-builder-row fusion-row\"><div class=\"fusion-layout-column fusion_builder_column fusion-builder-column-8 fusion_builder_column_1_1 1_1 fusion-one-full fusion-column-first fusion-column-last\" style=\"--awb-bg-size:cover;--awb-box-shadow: 0px 0px ;;--awb-border-color:var(--awb-color6);--awb-border-top:4px;--awb-border-right:4px;--awb-border-bottom:4px;--awb-border-left:4px;--awb-border-style:solid;\" data-scroll-devices=\"small-visibility,medium-visibility,large-visibility\"><div class=\"fusion-column-wrapper fusion-column-has-shadow fusion-flex-column-wrapper-legacy\"><div class=\"fusion-sep-clear\"><\/div><div class=\"fusion-separator fusion-full-width-sep\" style=\"margin-left: auto;margin-right: auto;margin-top:1px;margin-bottom:1px;width:100%;\"><\/div><div class=\"fusion-sep-clear\"><\/div><div class=\"fusion-text fusion-text-13\" style=\"--awb-font-size:26px;\"><p style=\"text-align: center;\">Restate informati tramite la <span style=\"color: #008000;\"><a style=\"color: #008000;\" href=\"https:\/\/www.soglio-produkte.com\/it\/newsletter\/\">Newsletter<\/a><\/span> SOGLIO sui nuovi articoli del Blog.<\/p>\n<\/div><div class=\"fusion-sep-clear\"><\/div><div class=\"fusion-separator fusion-full-width-sep\" style=\"margin-left: auto;margin-right: auto;margin-top:1px;margin-bottom:1px;width:100%;\"><\/div><div class=\"fusion-sep-clear\"><\/div><div class=\"fusion-text fusion-text-14\" style=\"--awb-font-size:18px;\"><p style=\"text-align: center;\">Questo articolo fa parte di una serie che presentiamo nella nostra newsletter. Circa una volta al mese esce un nuovo numero.<\/p>\n<\/div><div class=\"fusion-sep-clear\"><\/div><div class=\"fusion-separator fusion-full-width-sep\" style=\"margin-left: auto;margin-right: auto;margin-top:1px;margin-bottom:1px;width:100%;\"><\/div><div class=\"fusion-sep-clear\"><\/div><div class=\"fusion-clearfix\"><\/div><\/div><\/div><\/div><\/div><div class=\"fusion-fullwidth fullwidth-box fusion-builder-row-4 nonhundred-percent-fullwidth non-hundred-percent-height-scrolling\" style=\"--awb-border-radius-top-left:0px;--awb-border-radius-top-right:0px;--awb-border-radius-bottom-right:0px;--awb-border-radius-bottom-left:0px;--awb-padding-top:20px;--awb-padding-bottom:0px;--awb-background-color:#f8f9e6;--awb-flex-wrap:wrap;\" ><div class=\"fusion-builder-row fusion-row\"><div class=\"fusion-layout-column fusion_builder_column fusion-builder-column-9 fusion_builder_column_1_1 1_1 fusion-one-full fusion-column-first fusion-column-last\" style=\"--awb-bg-size:cover;\"><div class=\"fusion-column-wrapper fusion-flex-column-wrapper-legacy\"><div class=\"fusion-text fusion-text-15\"><h3 style=\"text-align: center;\">AVETE DELLE DOMANDE? CHIAMATECI ALLO <a href=\"tel:+41818221843\">+41\u00a0(0)81\u00a0822\u00a018\u00a043<\/a><\/h3>\n<h4 style=\"text-align: center;\">Siamo a vostra disposizione dal luned\u00ec al venerd\u00ec, dalle ore 08.00 alle 12.00 e dalle ore 13.30 fino alle 17.30.<\/h4>\n<\/div><div class=\"fusion-clearfix\"><\/div><\/div><\/div><div class=\"fusion-layout-column fusion_builder_column fusion-builder-column-10 fusion_builder_column_1_4 1_4 fusion-one-fourth fusion-column-first\" style=\"--awb-bg-size:cover;width:25%;width:calc(25% - ( ( 4% + 4% + 4% ) * 0.25 ) );margin-right: 4%;\"><div class=\"fusion-column-wrapper fusion-flex-column-wrapper-legacy\"><h4>Contatto Svizzera<\/h4>\nSOGLIO-PRODUKTE SA<br \/>\nVia Principale 21<br \/>\n7608 Castasegna<br \/>\nSvizzera<br \/>\n<br \/>\nTel. <a href=\"tel:+41818221843\">+41 (0)81 822 18 43<\/a><br \/>\nFax +41 (0)81 822 19 70<br \/>\n<a href=\"mailto:mail@soglio-produkte.ch\">mail@soglio-produkte.ch<\/a><div class=\"fusion-clearfix\"><\/div><\/div><\/div><div class=\"fusion-layout-column fusion_builder_column fusion-builder-column-11 fusion_builder_column_1_4 1_4 fusion-one-fourth\" style=\"--awb-bg-size:cover;width:25%;width:calc(25% - ( ( 4% + 4% + 4% ) * 0.25 ) );margin-right: 4%;\"><div class=\"fusion-column-wrapper fusion-flex-column-wrapper-legacy\"><h4>Contatto UE<\/h4>\nSOGLIO (Deutschland) GmbH<br \/>\nHauptstra\u00dfe 29<br \/>\n79807 Lottstetten<br \/>\nGermania<br \/>\n<br \/>\n<a href=\"mailto:mail@soglio-produkte.eu\">mail@soglio-produkte.eu<\/a><div class=\"fusion-clearfix\"><\/div><\/div><\/div><div class=\"fusion-layout-column fusion_builder_column fusion-builder-column-12 fusion_builder_column_1_4 1_4 fusion-one-fourth\" style=\"--awb-bg-size:cover;width:25%;width:calc(25% - ( ( 4% + 4% + 4% ) * 0.25 ) );margin-right: 4%;\"><div class=\"fusion-column-wrapper fusion-flex-column-wrapper-legacy\"><h4>Orari d'apertura negozio a Castasegna<\/h4>\nLu \u2013 Ve, ore 8.00 fino alle 12.00<br \/>\ne dalle ore 13.30 fino alle 18.00<br \/>\n<h4>Orari d'apertura negozio a Soglio<\/h4>\nDa giugno a met\u00e0 ottobre<br \/>\nMe*\/Gi\/Ve\/Sa ore 11.00 fino alle 17.00<br \/>\n*a partire da luglio<div class=\"fusion-clearfix\"><\/div><\/div><\/div><div class=\"fusion-layout-column fusion_builder_column fusion-builder-column-13 fusion_builder_column_1_4 1_4 fusion-one-fourth fusion-column-last\" style=\"--awb-bg-size:cover;width:25%;width:calc(25% - ( ( 4% + 4% + 4% ) * 0.25 ) );\"><div class=\"fusion-column-wrapper fusion-flex-column-wrapper-legacy\"><h4>Legale<\/h4>\n<a href=\"https:\/\/www.soglio-produkte.com\/it\/condizioni-generali-di-contratto\/\" style=\"text-decoration:underline;\">Condizioni generali di contratto<\/a><br \/>\n<a href=\"https:\/\/www.soglio-produkte.com\/it\/impressum\/\" style=\"text-decoration:underline;\">Impressum<\/a><br \/>\n<a href=\"https:\/\/www.soglio-produkte.com\/it\/informativa-sulla-privacy\/\" style=\"text-decoration:underline;\">Informativa sulla privacy<\/a><br \/>\n<a href=\"https:\/\/www.soglio-produkte.com\/it\/spedizione-e-modalita-di-pagamento\/\" style=\"text-decoration:underline;\">Spedizione e modalit\u00e0 di pagamento<\/a><div class=\"fusion-text fusion-text-16\"><h4>Social Media<\/h4>\n<p><a href=\"https:\/\/www.facebook.com\/soglio.produkte.Kraft.der.Berge\" target=\"_blank\" rel=\"noopener noreferrer\"><img decoding=\"async\" class=\"wp-image-830 size-full lazyload\" data-src=\"https:\/\/www.soglio-produkte.com\/wp-content\/uploads\/2019\/05\/54997.png\" alt=\"Facebook\" width=\"51\" height=\"51\" src=\"data:image\/svg+xml;base64,PHN2ZyB3aWR0aD0iMSIgaGVpZ2h0PSIxIiB4bWxucz0iaHR0cDovL3d3dy53My5vcmcvMjAwMC9zdmciPjwvc3ZnPg==\" style=\"--smush-placeholder-width: 51px; --smush-placeholder-aspect-ratio: 51\/51;\" \/><\/a><a href=\"https:\/\/www.instagram.com\/soglio.produkte\" target=\"_blank\" rel=\"noopener noreferrer\"> <img decoding=\"async\" class=\"wp-image-830 size-full lazyload\" data-src=\"https:\/\/www.soglio-produkte.com\/wp-content\/uploads\/2019\/05\/glyph-logo_may2016.png\" alt=\"Instagram\" width=\"51\" height=\"51\" src=\"data:image\/svg+xml;base64,PHN2ZyB3aWR0aD0iMSIgaGVpZ2h0PSIxIiB4bWxucz0iaHR0cDovL3d3dy53My5vcmcvMjAwMC9zdmciPjwvc3ZnPg==\" style=\"--smush-placeholder-width: 51px; --smush-placeholder-aspect-ratio: 51\/51;\" \/> <\/a><a href=\"https:\/\/www.pinterest.de\/Soglioprodukte\/\" target=\"_blank\" rel=\"noopener noreferrer\"> <img decoding=\"async\" class=\"wp-image-830 size-full lazyload\" data-src=\"https:\/\/www.soglio-produkte.com\/wp-content\/uploads\/2019\/05\/badgergb-black.png\" alt=\"Pinterest\" width=\"51\" height=\"51\" src=\"data:image\/svg+xml;base64,PHN2ZyB3aWR0aD0iMSIgaGVpZ2h0PSIxIiB4bWxucz0iaHR0cDovL3d3dy53My5vcmcvMjAwMC9zdmciPjwvc3ZnPg==\" style=\"--smush-placeholder-width: 51px; --smush-placeholder-aspect-ratio: 51\/51;\" \/><\/a><\/p>\n<\/div><div class=\"fusion-clearfix\"><\/div><\/div><\/div><\/div><\/div>\n","protected":false},"excerpt":{"rendered":"<p>Chiunque abbia visitato Soglio conosce il Palazzo Salis, con il suo splendido giardino nel cuore del villaggio. Un edificio cos\u00ec sontuoso, in un piccolo paese di montagna ai margini della Svizzera, non pu\u00f2 che suscitare curiosit\u00e0:<br \/>\nchi era la famiglia von Salis? Cosa la port\u00f2 in Bregaglia e come riusc\u00ec a costruire dimore tanto imponenti?<\/p>\n","protected":false},"author":3,"featured_media":11894,"comment_status":"open","ping_status":"open","sticky":false,"template":"","format":"standard","meta":{"footnotes":""},"categories":[128],"tags":[],"class_list":["post-11911","post","type-post","status-publish","format-standard","has-post-thumbnail","hentry","category-unkategorisiert-it"],"_links":{"self":[{"href":"https:\/\/www.soglio-produkte.com\/it\/wp-json\/wp\/v2\/posts\/11911","targetHints":{"allow":["GET"]}}],"collection":[{"href":"https:\/\/www.soglio-produkte.com\/it\/wp-json\/wp\/v2\/posts"}],"about":[{"href":"https:\/\/www.soglio-produkte.com\/it\/wp-json\/wp\/v2\/types\/post"}],"author":[{"embeddable":true,"href":"https:\/\/www.soglio-produkte.com\/it\/wp-json\/wp\/v2\/users\/3"}],"replies":[{"embeddable":true,"href":"https:\/\/www.soglio-produkte.com\/it\/wp-json\/wp\/v2\/comments?post=11911"}],"version-history":[{"count":5,"href":"https:\/\/www.soglio-produkte.com\/it\/wp-json\/wp\/v2\/posts\/11911\/revisions"}],"predecessor-version":[{"id":11918,"href":"https:\/\/www.soglio-produkte.com\/it\/wp-json\/wp\/v2\/posts\/11911\/revisions\/11918"}],"wp:featuredmedia":[{"embeddable":true,"href":"https:\/\/www.soglio-produkte.com\/it\/wp-json\/wp\/v2\/media\/11894"}],"wp:attachment":[{"href":"https:\/\/www.soglio-produkte.com\/it\/wp-json\/wp\/v2\/media?parent=11911"}],"wp:term":[{"taxonomy":"category","embeddable":true,"href":"https:\/\/www.soglio-produkte.com\/it\/wp-json\/wp\/v2\/categories?post=11911"},{"taxonomy":"post_tag","embeddable":true,"href":"https:\/\/www.soglio-produkte.com\/it\/wp-json\/wp\/v2\/tags?post=11911"}],"curies":[{"name":"wp","href":"https:\/\/api.w.org\/{rel}","templated":true}]}}