{"id":8282,"date":"2023-04-22T11:00:55","date_gmt":"2023-04-22T09:00:55","guid":{"rendered":"https:\/\/www.soglio-produkte.com\/primavera-2023-giardino-delle-erbe-in-evoluzione\/"},"modified":"2023-08-25T17:00:05","modified_gmt":"2023-08-25T15:00:05","slug":"primavera-2023-giardino-delle-erbe-in-evoluzione","status":"publish","type":"post","link":"https:\/\/www.soglio-produkte.com\/it\/primavera-2023-giardino-delle-erbe-in-evoluzione\/","title":{"rendered":"Primavera 2023 &#8211; Giardino delle erbe in evoluzione"},"content":{"rendered":"<div class=\"fusion-fullwidth fullwidth-box fusion-builder-row-1 fusion-flex-container has-pattern-background has-mask-background nonhundred-percent-fullwidth non-hundred-percent-height-scrolling\" style=\"--awb-border-radius-top-left:0px;--awb-border-radius-top-right:0px;--awb-border-radius-bottom-right:0px;--awb-border-radius-bottom-left:0px;--awb-flex-wrap:wrap;\" ><div class=\"fusion-builder-row fusion-row fusion-flex-align-items-flex-start fusion-flex-justify-content-space-evenly fusion-flex-content-wrap\" style=\"max-width:1456px;margin-left: calc(-4% \/ 2 );margin-right: calc(-4% \/ 2 );\"><div class=\"fusion-layout-column fusion_builder_column fusion-builder-column-0 fusion_builder_column_1_3 1_3 fusion-flex-column fusion-flex-align-self-center\" style=\"--awb-bg-size:cover;--awb-width-large:33.333333333333%;--awb-margin-top-large:0px;--awb-spacing-right-large:5.76%;--awb-margin-bottom-large:20px;--awb-spacing-left-large:5.76%;--awb-width-medium:100%;--awb-order-medium:0;--awb-spacing-right-medium:1.92%;--awb-spacing-left-medium:1.92%;--awb-width-small:100%;--awb-order-small:0;--awb-spacing-right-small:1.92%;--awb-spacing-left-small:1.92%;\" data-scroll-devices=\"small-visibility,medium-visibility,large-visibility\"><div class=\"fusion-column-wrapper fusion-column-has-shadow fusion-flex-justify-content-space-evenly fusion-content-layout-column\"><div class=\"fusion-title title fusion-title-1 fusion-sep-none fusion-title-text fusion-title-size-one\" style=\"--awb-margin-top-small:10px;--awb-margin-right-small:0px;--awb-margin-bottom-small:10px;--awb-margin-left-small:0px;\"><h1 class=\"fusion-title-heading title-heading-left\" style=\"margin:0;\"><h3 style=\"text-align: center;\">Giardino delle erbe in evoluzione<\/h3><\/h1><\/div><div class=\"fusion-separator fusion-full-width-sep\" style=\"align-self: center;margin-left: auto;margin-right: auto;margin-top:20px;margin-bottom:20px;width:100%;\"><\/div><div class=\"fusion-separator fusion-full-width-sep\" style=\"align-self: center;margin-left: auto;margin-right: auto;margin-top:20px;margin-bottom:20px;width:100%;\"><\/div><div class=\"fusion-text fusion-text-1\"><h5><\/h5>\n<h5><\/h5>\n<h5 style=\"text-align: center;\">Hanspeter Mohler fornisce a SOGLIO erbe, fiori e piante da 30 anni. La sua compagna Evie Sprecher si \u00e8 unita a lui 10 anni fa. Loro due sono importanti garanti della qualit\u00e0 per SOGLIO. Ora si sta concludendo un&#8217;epoca: stanno passando il lavoro a mani pi\u00f9 giovani.<\/h5>\n<\/div><\/div><\/div><div class=\"fusion-layout-column fusion_builder_column fusion-builder-column-1 fusion_builder_column_2_3 2_3 fusion-flex-column\" style=\"--awb-bg-size:cover;--awb-width-large:66.666666666667%;--awb-margin-top-large:0px;--awb-spacing-right-large:2.88%;--awb-margin-bottom-large:20px;--awb-spacing-left-large:2.88%;--awb-width-medium:100%;--awb-order-medium:0;--awb-spacing-right-medium:1.92%;--awb-spacing-left-medium:1.92%;--awb-width-small:100%;--awb-order-small:0;--awb-spacing-right-small:1.92%;--awb-spacing-left-small:1.92%;\"><div class=\"fusion-column-wrapper fusion-column-has-shadow fusion-flex-justify-content-flex-start fusion-content-layout-column\"><div class=\"fusion-image-element \" style=\"--awb-caption-title-font-family:var(--h2_typography-font-family);--awb-caption-title-font-weight:var(--h2_typography-font-weight);--awb-caption-title-font-style:var(--h2_typography-font-style);--awb-caption-title-size:var(--h2_typography-font-size);--awb-caption-title-transform:var(--h2_typography-text-transform);--awb-caption-title-line-height:var(--h2_typography-line-height);--awb-caption-title-letter-spacing:var(--h2_typography-letter-spacing);\"><span class=\" fusion-imageframe imageframe-none imageframe-1 hover-type-none\"><a class=\"fusion-no-lightbox\" href=\"https:\/\/www.soglio-produkte.com\/wp-content\/uploads\/2023\/05\/magazin-nr-63-low-1.pdf\" target=\"_self\" aria-label=\"mh143396\"><img decoding=\"async\" width=\"2560\" height=\"1706\" data-src=\"https:\/\/www.soglio-produkte.com\/wp-content\/uploads\/2023\/08\/mh143396-scaled-e1692352799125.jpg\" alt class=\"img-responsive wp-image-8190 lazyload\" src=\"data:image\/svg+xml;base64,PHN2ZyB3aWR0aD0iMSIgaGVpZ2h0PSIxIiB4bWxucz0iaHR0cDovL3d3dy53My5vcmcvMjAwMC9zdmciPjwvc3ZnPg==\" style=\"--smush-placeholder-width: 2560px; --smush-placeholder-aspect-ratio: 2560\/1706;\" \/><\/a><\/span><\/div><div class=\"fusion-text fusion-text-2\" style=\"--awb-font-size:14px;--awb-line-height:1.5;--awb-margin-top:20px;\"><p style=\"text-align: center;\">Questo articolo \u00e8 stato pubblicato originariamente sulla<a href=\"https:\/\/www.soglio-produkte.com\/wp-content\/uploads\/2023\/05\/magazin-nr-63-low-1.pdf\">rivista per i clienti SOGLIO n. 63.<\/a><\/p>\n<\/div><\/div><\/div><\/div><\/div><div class=\"fusion-fullwidth fullwidth-box fusion-builder-row-2 fusion-flex-container has-pattern-background has-mask-background nonhundred-percent-fullwidth non-hundred-percent-height-scrolling\" style=\"--awb-border-radius-top-left:0px;--awb-border-radius-top-right:0px;--awb-border-radius-bottom-right:0px;--awb-border-radius-bottom-left:0px;--awb-flex-wrap:wrap;\" ><div class=\"fusion-builder-row fusion-row fusion-flex-align-items-flex-start fusion-flex-content-wrap\" style=\"max-width:1456px;margin-left: calc(-4% \/ 2 );margin-right: calc(-4% \/ 2 );\"><div class=\"fusion-layout-column fusion_builder_column fusion-builder-column-2 fusion_builder_column_1_1 1_1 fusion-flex-column\" style=\"--awb-bg-size:cover;--awb-width-large:100%;--awb-margin-top-large:0px;--awb-spacing-right-large:1.92%;--awb-margin-bottom-large:20px;--awb-spacing-left-large:1.92%;--awb-width-medium:100%;--awb-order-medium:0;--awb-spacing-right-medium:1.92%;--awb-spacing-left-medium:1.92%;--awb-width-small:100%;--awb-order-small:0;--awb-spacing-right-small:1.92%;--awb-spacing-left-small:1.92%;\"><div class=\"fusion-column-wrapper fusion-column-has-shadow fusion-flex-justify-content-flex-start fusion-content-layout-column\"><\/div><\/div><\/div><\/div><div class=\"fusion-fullwidth fullwidth-box fusion-builder-row-3 fusion-flex-container has-pattern-background has-mask-background nonhundred-percent-fullwidth non-hundred-percent-height-scrolling\" style=\"--awb-border-radius-top-left:0px;--awb-border-radius-top-right:0px;--awb-border-radius-bottom-right:0px;--awb-border-radius-bottom-left:0px;--awb-flex-wrap:wrap;\" ><div class=\"fusion-builder-row fusion-row fusion-flex-align-items-flex-start fusion-flex-content-wrap\" style=\"max-width:1456px;margin-left: calc(-4% \/ 2 );margin-right: calc(-4% \/ 2 );\"><div class=\"fusion-layout-column fusion_builder_column fusion-builder-column-3 fusion_builder_column_1_1 1_1 fusion-flex-column\" style=\"--awb-bg-size:cover;--awb-width-large:100%;--awb-margin-top-large:0px;--awb-spacing-right-large:1.92%;--awb-margin-bottom-large:20px;--awb-spacing-left-large:1.92%;--awb-width-medium:100%;--awb-order-medium:0;--awb-spacing-right-medium:1.92%;--awb-spacing-left-medium:1.92%;--awb-width-small:100%;--awb-order-small:0;--awb-spacing-right-small:1.92%;--awb-spacing-left-small:1.92%;\"><div class=\"fusion-column-wrapper fusion-column-has-shadow fusion-flex-justify-content-flex-start fusion-content-layout-column\"><div class=\"fusion-separator fusion-full-width-sep\" style=\"align-self: center;margin-left: auto;margin-right: auto;margin-top:20px;margin-bottom:20px;width:100%;\"><\/div><\/div><\/div><\/div><\/div><div class=\"fusion-fullwidth fullwidth-box fusion-builder-row-4 fusion-flex-container has-pattern-background has-mask-background nonhundred-percent-fullwidth non-hundred-percent-height-scrolling\" style=\"--awb-border-radius-top-left:0px;--awb-border-radius-top-right:0px;--awb-border-radius-bottom-right:0px;--awb-border-radius-bottom-left:0px;--awb-flex-wrap:wrap;\" ><div class=\"fusion-builder-row fusion-row fusion-flex-align-items-flex-start fusion-flex-content-wrap\" style=\"max-width:1456px;margin-left: calc(-4% \/ 2 );margin-right: calc(-4% \/ 2 );\"><div class=\"fusion-layout-column fusion_builder_column fusion-builder-column-4 fusion_builder_column_1_1 1_1 fusion-flex-column\" style=\"--awb-bg-size:cover;--awb-width-large:100%;--awb-margin-top-large:0px;--awb-spacing-right-large:1.92%;--awb-margin-bottom-large:20px;--awb-spacing-left-large:1.92%;--awb-width-medium:100%;--awb-order-medium:0;--awb-spacing-right-medium:1.92%;--awb-spacing-left-medium:1.92%;--awb-width-small:100%;--awb-order-small:0;--awb-spacing-right-small:1.92%;--awb-spacing-left-small:1.92%;\"><div class=\"fusion-column-wrapper fusion-column-has-shadow fusion-flex-justify-content-flex-start fusion-content-layout-column\"><div class=\"fusion-text fusion-text-3 awb-text-cols fusion-text-columns-3\" style=\"--awb-columns:3;--awb-column-spacing:2em;--awb-column-min-width:100px;\"><p style=\"text-align: left;\"><strong><span style=\"color: #008000;\">Un pilastro importante<\/span><\/strong><\/p>\n<p style=\"text-align: left;\">Nel 1992, Hanspeter Mohler si trasfer\u00ec in Bregaglia per rilevare la coltivazione delle erbe da Alex Stuber, il fornitore dell&#8217;epoca. Il meccanico di precisione aveva precedentemente scoperto la sua passione per la coltivazione di erbe aromatiche in aziende agricole biologiche. Da otto anni Hanspeter Mohler vive con la sua compagna Evie Sprecher a Pagig, tra Coira e Arosa, dove produce anche ortaggi e fiori per alberghi e privati (www.biogarten-schanfigg.ch). In estate e in autunno hanno continuato a essere spesso a Soglio, perch\u00e9 oltre all&#8217;orto di erbe aromatiche, anche la raccolta delle castagne \u00e8 un&#8217;attivit\u00e0 importante per loro. Ora, per\u00f2, hanno ceduto il giardino e i campi in Val Bregaglia. Con Valeria Bischoff e Luca Pitsch \u00e8 stato possibile trovare una coppia motivata per continuare il lavoro. \u00c8 previsto un passaggio di consegne graduale, in modo da consentire loro di abituarsi al lavoro. L&#8217;estate scorsa i due hanno preso in consegna le prime piante, quest&#8217;anno se ne aggiungeranno altre e l&#8217;anno prossimo SOGLIO si rifornir\u00e0 da loro per tutte le erbe. Hanspeter Mohler ed Evie Sprecher continueranno a gestire l&#8217;orto a Pagig finch\u00e9 avranno le forze e le energie necessarie. SOGLIO \u00e8 felice di poter continuare a rivolgersi a loro in caso di domande. E se si dovesse verificare un intoppo nel raccolto, potranno intervenire.<\/p>\n<\/div><\/div><\/div><\/div><\/div><div class=\"fusion-fullwidth fullwidth-box fusion-builder-row-5 fusion-flex-container has-pattern-background has-mask-background nonhundred-percent-fullwidth non-hundred-percent-height-scrolling\" style=\"--awb-border-radius-top-left:0px;--awb-border-radius-top-right:0px;--awb-border-radius-bottom-right:0px;--awb-border-radius-bottom-left:0px;--awb-flex-wrap:wrap;\" ><div class=\"fusion-builder-row fusion-row fusion-flex-align-items-flex-start fusion-flex-content-wrap\" style=\"max-width:1456px;margin-left: calc(-4% \/ 2 );margin-right: calc(-4% \/ 2 );\"><div class=\"fusion-layout-column fusion_builder_column fusion-builder-column-5 fusion_builder_column_1_1 1_1 fusion-flex-column\" style=\"--awb-bg-size:cover;--awb-width-large:100%;--awb-margin-top-large:0px;--awb-spacing-right-large:1.92%;--awb-margin-bottom-large:20px;--awb-spacing-left-large:1.92%;--awb-width-medium:100%;--awb-order-medium:0;--awb-spacing-right-medium:1.92%;--awb-spacing-left-medium:1.92%;--awb-width-small:100%;--awb-order-small:0;--awb-spacing-right-small:1.92%;--awb-spacing-left-small:1.92%;\"><div class=\"fusion-column-wrapper fusion-column-has-shadow fusion-flex-justify-content-flex-start fusion-content-layout-column\"><div class=\"fusion-separator fusion-full-width-sep\" style=\"align-self: center;margin-left: auto;margin-right: auto;margin-top:20px;margin-bottom:20px;width:100%;\"><\/div><\/div><\/div><\/div><\/div><div class=\"fusion-fullwidth fullwidth-box fusion-builder-row-6 fusion-flex-container has-pattern-background has-mask-background nonhundred-percent-fullwidth non-hundred-percent-height-scrolling\" style=\"--awb-border-radius-top-left:0px;--awb-border-radius-top-right:0px;--awb-border-radius-bottom-right:0px;--awb-border-radius-bottom-left:0px;--awb-flex-wrap:wrap;\" ><div class=\"fusion-builder-row fusion-row fusion-flex-align-items-center fusion-flex-justify-content-space-around fusion-flex-content-wrap\" style=\"max-width:1456px;margin-left: calc(-4% \/ 2 );margin-right: calc(-4% \/ 2 );\"><div class=\"fusion-layout-column fusion_builder_column fusion-builder-column-6 fusion_builder_column_1_2 1_2 fusion-flex-column\" style=\"--awb-bg-size:cover;--awb-width-large:50%;--awb-margin-top-large:0px;--awb-spacing-right-large:3.84%;--awb-margin-bottom-large:20px;--awb-spacing-left-large:3.84%;--awb-width-medium:100%;--awb-order-medium:0;--awb-spacing-right-medium:1.92%;--awb-spacing-left-medium:1.92%;--awb-width-small:100%;--awb-order-small:0;--awb-spacing-right-small:1.92%;--awb-spacing-left-small:1.92%;\"><div class=\"fusion-column-wrapper fusion-column-has-shadow fusion-flex-justify-content-flex-start fusion-content-layout-column\"><div class=\"fusion-text fusion-text-4\"><p><span style=\"color: #008000;\"><strong>Ritorno alle origini<\/strong><\/span><\/p>\n<p>Con il passaggio di consegne, tutte le piante coltivate per SOGLIO ritornano in Bregaglia. Anche per Valeria Bischoff, cresciuta a Casaccia, si tratta di un ritorno. &#8220;Quando avevo sedici anni volevo solo andarmene&#8221;, racconta la bregagliotta. Ha imparato il mestiere di disegnatrice di tessuti e ha vissuto a Vienna per diversi anni. Poi si \u00e8 trasferita a Berna, dove ha lavorato nella coltivazione di ortaggi e ha scoperto il suo entusiasmo per il mondo delle piante. Per approfondire le sue conoscenze, ha proseguito la sua formazione presso la Scuola di piante medicinali di Friburgo. Il suo compagno Luca Pitsch \u00e8 cresciuto a Berna, ha radici nella valle Monastero e fa l&#8217;insegnante. Prima di decidere di coltivare le erbe, i due hanno gestito per tre estati l&#8217;alpe Maroz sopra Casaccia. L\u00ec \u00e8 maturata la decisione di rimanere in Bregaglia e di lasciarsi alle spalle la precedente vita cittadina.<\/p>\n<p>&#8220;Rispetto a Berna, la vita in Bregaglia \u00e8 completamente diversa. Qui bisogna andare d&#8217;accordo con le opinioni di tutti, ma lo scambio tra di noi \u00e8 pi\u00f9 stretto&#8221;, dice Luca Pitsch, che si sente molto a casa in Bregaglia. Con i suoi genitori parla romancio, il che gli ha permesso di acquisire rapidamente il dialetto della Bregaglia. Questo \u00e8 un vantaggio quando si tratta di ambientarsi rapidamente in valle. Insegna lavori manuali due giorni alla settimana in Engadina, il che gli offre la variet\u00e0 necessaria. Anche Valeria Bischoff si sente a casa in Bregaglia. &#8220;Per fortuna gli amici vengono volentieri a trovarci, cos\u00ec il mondo viene da noi&#8221;, dice ridendo, anche se a volte le manca la vita di citt\u00e0.<\/p>\n<\/div><\/div><\/div><div class=\"fusion-layout-column fusion_builder_column fusion-builder-column-7 fusion_builder_column_1_6 1_6 fusion-flex-column\" style=\"--awb-overflow:hidden;--awb-bg-size:cover;--awb-border-color:var(--awb-color6);--awb-border-color-hover:var(--awb-color6);--awb-border-style:solid;--awb-border-radius:5px 5px 5px 5px;--awb-width-large:16.666666666667%;--awb-margin-top-large:0px;--awb-spacing-right-large:11.52%;--awb-margin-bottom-large:20px;--awb-spacing-left-large:11.52%;--awb-width-medium:100%;--awb-order-medium:0;--awb-spacing-right-medium:1.92%;--awb-spacing-left-medium:1.92%;--awb-width-small:100%;--awb-order-small:0;--awb-spacing-right-small:1.92%;--awb-spacing-left-small:1.92%;\" data-scroll-devices=\"small-visibility,medium-visibility,large-visibility\"><div class=\"fusion-column-wrapper fusion-column-has-shadow fusion-flex-justify-content-space-evenly fusion-content-layout-column\"><div class=\"fusion-text fusion-text-5\"><h4><\/h4>\n<h4><\/h4>\n<h4 style=\"text-align: center;\"><span style=\"color: #008000;\">Per fortuna gli amici<\/span>\n<span style=\"color: #008000;\">vengono volentieri a trovarci,<\/span>\n<span style=\"color: #008000;\">cos\u00ec il mondo viene da noi&#8221;<\/span><\/h4>\n<h4 style=\"text-align: center;\">Valeria Bischoff<\/h4>\n<\/div><\/div><\/div><div class=\"fusion-layout-column fusion_builder_column fusion-builder-column-8 fusion_builder_column_1_3 1_3 fusion-flex-column\" style=\"--awb-bg-size:cover;--awb-width-large:33.333333333333%;--awb-margin-top-large:0px;--awb-spacing-right-large:5.76%;--awb-margin-bottom-large:20px;--awb-spacing-left-large:5.76%;--awb-width-medium:100%;--awb-order-medium:0;--awb-spacing-right-medium:1.92%;--awb-spacing-left-medium:1.92%;--awb-width-small:100%;--awb-order-small:0;--awb-spacing-right-small:1.92%;--awb-spacing-left-small:1.92%;\"><div class=\"fusion-column-wrapper fusion-column-has-shadow fusion-flex-justify-content-flex-start fusion-content-layout-column\"><div class=\"fusion-image-element \" style=\"--awb-caption-title-font-family:var(--h2_typography-font-family);--awb-caption-title-font-weight:var(--h2_typography-font-weight);--awb-caption-title-font-style:var(--h2_typography-font-style);--awb-caption-title-size:var(--h2_typography-font-size);--awb-caption-title-transform:var(--h2_typography-text-transform);--awb-caption-title-line-height:var(--h2_typography-line-height);--awb-caption-title-letter-spacing:var(--h2_typography-letter-spacing);\"><span class=\" fusion-imageframe imageframe-none imageframe-2 hover-type-none\"><img decoding=\"async\" width=\"400\" height=\"533\" title=\"img-e1689\" data-src=\"https:\/\/www.soglio-produkte.com\/wp-content\/uploads\/2023\/08\/img-e1689-400x533.jpg\" alt class=\"img-responsive wp-image-8136 lazyload\" data-srcset=\"https:\/\/www.soglio-produkte.com\/wp-content\/uploads\/2023\/08\/img-e1689-200x267.jpg 200w, https:\/\/www.soglio-produkte.com\/wp-content\/uploads\/2023\/08\/img-e1689-400x533.jpg 400w, https:\/\/www.soglio-produkte.com\/wp-content\/uploads\/2023\/08\/img-e1689-600x800.jpg 600w, https:\/\/www.soglio-produkte.com\/wp-content\/uploads\/2023\/08\/img-e1689-800x1067.jpg 800w, https:\/\/www.soglio-produkte.com\/wp-content\/uploads\/2023\/08\/img-e1689-1200x1600.jpg 1200w, https:\/\/www.soglio-produkte.com\/wp-content\/uploads\/2023\/08\/img-e1689-scaled.jpg 1920w\" data-sizes=\"(max-width: 1024px) 100vw, (max-width: 640px) 100vw, 600px\" src=\"data:image\/svg+xml;base64,PHN2ZyB3aWR0aD0iMSIgaGVpZ2h0PSIxIiB4bWxucz0iaHR0cDovL3d3dy53My5vcmcvMjAwMC9zdmciPjwvc3ZnPg==\" style=\"--smush-placeholder-width: 400px; --smush-placeholder-aspect-ratio: 400\/533;\" \/><\/span><\/div><div class=\"fusion-text fusion-text-6\" style=\"--awb-font-size:10px;\"><p>Essiccazione delle erbe, foto: Valeria Bischoff und Luca Pitsch<\/p>\n<\/div><\/div><\/div><div class=\"fusion-layout-column fusion_builder_column fusion-builder-column-9 fusion_builder_column_1_1 1_1 fusion-flex-column\" style=\"--awb-bg-size:cover;--awb-width-large:100%;--awb-margin-top-large:0px;--awb-spacing-right-large:1.92%;--awb-margin-bottom-large:20px;--awb-spacing-left-large:1.92%;--awb-width-medium:100%;--awb-order-medium:0;--awb-spacing-right-medium:1.92%;--awb-spacing-left-medium:1.92%;--awb-width-small:100%;--awb-order-small:0;--awb-spacing-right-small:1.92%;--awb-spacing-left-small:1.92%;\"><div class=\"fusion-column-wrapper fusion-column-has-shadow fusion-flex-justify-content-flex-start fusion-content-layout-column\"><div class=\"fusion-separator fusion-full-width-sep\" style=\"align-self: center;margin-left: auto;margin-right: auto;margin-top:20px;margin-bottom:20px;width:100%;\"><\/div><\/div><\/div><\/div><\/div><div class=\"fusion-fullwidth fullwidth-box fusion-builder-row-7 fusion-flex-container has-pattern-background has-mask-background nonhundred-percent-fullwidth non-hundred-percent-height-scrolling\" style=\"--awb-border-radius-top-left:0px;--awb-border-radius-top-right:0px;--awb-border-radius-bottom-right:0px;--awb-border-radius-bottom-left:0px;--awb-flex-wrap:wrap;\" ><div class=\"fusion-builder-row fusion-row fusion-flex-align-items-flex-start fusion-flex-justify-content-space-evenly fusion-flex-content-wrap\" style=\"max-width:1456px;margin-left: calc(-4% \/ 2 );margin-right: calc(-4% \/ 2 );\"><div class=\"fusion-layout-column fusion_builder_column fusion-builder-column-10 fusion_builder_column_1_4 1_4 fusion-flex-column\" style=\"--awb-bg-size:cover;--awb-width-large:25%;--awb-margin-top-large:0px;--awb-spacing-right-large:7.68%;--awb-margin-bottom-large:20px;--awb-spacing-left-large:7.68%;--awb-width-medium:100%;--awb-order-medium:0;--awb-spacing-right-medium:1.92%;--awb-spacing-left-medium:1.92%;--awb-width-small:100%;--awb-order-small:0;--awb-spacing-right-small:1.92%;--awb-spacing-left-small:1.92%;\"><div class=\"fusion-column-wrapper fusion-column-has-shadow fusion-flex-justify-content-flex-start fusion-content-layout-column\"><div class=\"fusion-image-element \" style=\"--awb-caption-title-font-family:var(--h2_typography-font-family);--awb-caption-title-font-weight:var(--h2_typography-font-weight);--awb-caption-title-font-style:var(--h2_typography-font-style);--awb-caption-title-size:var(--h2_typography-font-size);--awb-caption-title-transform:var(--h2_typography-text-transform);--awb-caption-title-line-height:var(--h2_typography-line-height);--awb-caption-title-letter-spacing:var(--h2_typography-letter-spacing);\"><span class=\" fusion-imageframe imageframe-none imageframe-3 hover-type-none\"><img decoding=\"async\" width=\"225\" height=\"300\" title=\"luca-mit-olmo\" data-src=\"https:\/\/www.soglio-produkte.com\/wp-content\/uploads\/2023\/08\/luca-mit-olmo-225x300.jpg\" alt class=\"img-responsive wp-image-8132 lazyload\" data-srcset=\"https:\/\/www.soglio-produkte.com\/wp-content\/uploads\/2023\/08\/luca-mit-olmo-200x267.jpg 200w, https:\/\/www.soglio-produkte.com\/wp-content\/uploads\/2023\/08\/luca-mit-olmo-400x533.jpg 400w, https:\/\/www.soglio-produkte.com\/wp-content\/uploads\/2023\/08\/luca-mit-olmo-600x800.jpg 600w, https:\/\/www.soglio-produkte.com\/wp-content\/uploads\/2023\/08\/luca-mit-olmo-800x1067.jpg 800w, https:\/\/www.soglio-produkte.com\/wp-content\/uploads\/2023\/08\/luca-mit-olmo-1200x1600.jpg 1200w, https:\/\/www.soglio-produkte.com\/wp-content\/uploads\/2023\/08\/luca-mit-olmo-scaled.jpg 1920w\" data-sizes=\"(max-width: 1024px) 100vw, (max-width: 640px) 100vw, 400px\" src=\"data:image\/svg+xml;base64,PHN2ZyB3aWR0aD0iMSIgaGVpZ2h0PSIxIiB4bWxucz0iaHR0cDovL3d3dy53My5vcmcvMjAwMC9zdmciPjwvc3ZnPg==\" style=\"--smush-placeholder-width: 225px; --smush-placeholder-aspect-ratio: 225\/300;\" \/><\/span><\/div><div class=\"fusion-text fusion-text-7\" style=\"--awb-font-size:10px;\"><p>Giardinaggio, foto: Valeria Bischoff und Luca Pitsch<\/p>\n<\/div><div class=\"fusion-title title fusion-title-2 fusion-sep-none fusion-title-center fusion-title-text fusion-title-size-one\" style=\"--awb-margin-top-small:10px;--awb-margin-right-small:0px;--awb-margin-bottom-small:10px;--awb-margin-left-small:0px;\"><h1 class=\"fusion-title-heading title-heading-center\" style=\"margin:0;\"><a href=\"https:\/\/www.soglio-produkte.com\/it\/newsletter\/\" class=\"awb-custom-text-color awb-custom-text-hover-color\" target=\"_blank\"><blockquote>\r\n<h4 style=\"text-align: center;\"><span style=\"color: #008000;\"><strong>Rimanete informati sui nuovi post del blog<\/strong><\/span><\/h4>\r\n<h4 style=\"text-align: center;\"><span style=\"color: #008000;\"><strong> con la newsletter di SOGLIO.<\/strong><\/span><\/h4>\r\n<\/blockquote>\r\n<h4><\/h4><\/a><\/h1><\/div><div class=\"fusion-image-element \" style=\"--awb-caption-title-font-family:var(--h2_typography-font-family);--awb-caption-title-font-weight:var(--h2_typography-font-weight);--awb-caption-title-font-style:var(--h2_typography-font-style);--awb-caption-title-size:var(--h2_typography-font-size);--awb-caption-title-transform:var(--h2_typography-text-transform);--awb-caption-title-line-height:var(--h2_typography-line-height);--awb-caption-title-letter-spacing:var(--h2_typography-letter-spacing);\"><span class=\" fusion-imageframe imageframe-none imageframe-4 hover-type-none\"><img decoding=\"async\" width=\"287\" height=\"300\" title=\"img-1483\" data-src=\"https:\/\/www.soglio-produkte.com\/wp-content\/uploads\/2023\/08\/img-1483-287x300.jpg\" alt class=\"img-responsive wp-image-8182 lazyload\" data-srcset=\"https:\/\/www.soglio-produkte.com\/wp-content\/uploads\/2023\/08\/img-1483-200x209.jpg 200w, https:\/\/www.soglio-produkte.com\/wp-content\/uploads\/2023\/08\/img-1483-400x419.jpg 400w, https:\/\/www.soglio-produkte.com\/wp-content\/uploads\/2023\/08\/img-1483-600x628.jpg 600w, https:\/\/www.soglio-produkte.com\/wp-content\/uploads\/2023\/08\/img-1483-800x837.jpg 800w, https:\/\/www.soglio-produkte.com\/wp-content\/uploads\/2023\/08\/img-1483-1200x1256.jpg 1200w\" data-sizes=\"(max-width: 1024px) 100vw, (max-width: 640px) 100vw, 400px\" src=\"data:image\/svg+xml;base64,PHN2ZyB3aWR0aD0iMSIgaGVpZ2h0PSIxIiB4bWxucz0iaHR0cDovL3d3dy53My5vcmcvMjAwMC9zdmciPjwvc3ZnPg==\" style=\"--smush-placeholder-width: 287px; --smush-placeholder-aspect-ratio: 287\/300;\" \/><\/span><\/div><div class=\"fusion-text fusion-text-8\" style=\"--awb-font-size:10px;\"><p>Giardinaggio, foto: Valeria Bischoff und Luca Pitsch<\/p>\n<\/div><\/div><\/div><div class=\"fusion-layout-column fusion_builder_column fusion-builder-column-11 fusion_builder_column_1_2 1_2 fusion-flex-column\" style=\"--awb-bg-size:cover;--awb-width-large:50%;--awb-margin-top-large:0px;--awb-spacing-right-large:3.84%;--awb-margin-bottom-large:20px;--awb-spacing-left-large:3.84%;--awb-width-medium:100%;--awb-order-medium:0;--awb-spacing-right-medium:1.92%;--awb-spacing-left-medium:1.92%;--awb-width-small:100%;--awb-order-small:0;--awb-spacing-right-small:1.92%;--awb-spacing-left-small:1.92%;\"><div class=\"fusion-column-wrapper fusion-column-has-shadow fusion-flex-justify-content-flex-start fusion-content-layout-column\"><div class=\"fusion-text fusion-text-9\"><p><span style=\"color: #008000;\"><strong>In costante dialogo con la natura<\/strong><\/span><\/p>\n<p>Occuparsi della coltivazione delle erbe per SOGLIO \u00e8 stato allettante da molti punti di vista. &#8220;\u00c8 molto emozionante avere a che fare con il mondo delle piante&#8221;, dice Valeria Bischoff, cresciuta in una fattoria. Per costruire l&#8217;orto, devono acquisire esperienza, sia nel prelevare talee, sia nel seminare, sia nel raccogliere o essiccare le piante. Stanno anche imparando sempre di pi\u00f9 a pianificare meglio la rotazione delle colture, in modo da poter coltivare ortaggi autunnali e invernali, oltre a fiori ed erbe aromatiche, nello stesso spazio. &#8220;Potersi nutrire tutto l&#8217;anno con il proprio orto \u00e8 una grande soddisfazione&#8221;, dice Valeria Bischoff. L&#8217;orto \u00e8 pi\u00f9 che altro un piccolo campo, precisa Luca Pitsch. \u00c8 quindi interessante vedere come si possono razionalizzare i compiti, perch\u00e9 a seconda della stagione, molti compiti devono essere svolti contemporaneamente.<\/p>\n<p>Da due anni a questa parte, il figlio Olmo \u00e8 sempre con loro, anche se per lui l&#8217;orto \u00e8 ancora pi\u00f9 simile a un grande parco giochi. Oltre alla coltivazione di erbe aromatiche, Valeria Bischoff e Luca Pitsch si occupano anche di un castagneto sotto Soglio. Anche in questo caso \u00e8 necessario prendersi cura dei castagni durante tutto l&#8217;anno, prima di raccogliere i frutti in ottobre. Ci\u00f2 significa che il lavoro all&#8217;esterno si estende da marzo a novembre.<\/p>\n<\/div><div class=\"fusion-separator fusion-full-width-sep\" style=\"align-self: center;margin-left: auto;margin-right: auto;margin-top:30px;margin-bottom:30px;width:100%;\"><\/div><div class=\"fusion-text fusion-text-10\"><p><span style=\"color: #008000;\"><strong>L&#8217;attivit\u00e0 invernale<\/strong><\/span><\/p>\n<p>Valeria Bischoff non poteva voltare completamente le spalle al tessuto. Quando in inverno c&#8217;\u00e8 poco lavoro in giardino, su richiesta confeziona piumoni di lana di pecora. Si procura la lana da due allevatori di pecore di Soglio e la porta a Jenaz per lavarla e cardarla. Poi cuce la lana in un tessuto di cotone. A seconda della stagione, Valeria Bischoff trova appagante dedicarsi a diverse attivit\u00e0. Gli ordini di piumoni sono in costante aumento, perch\u00e9 le propriet\u00e0 della lana si sono gi\u00e0 affermate. Per esempio, mantengono costante la temperatura del letto, indipendentemente dal fatto che fuori faccia freddo o caldo (per il contatto bischoff.v.v@gmail.com).<\/p>\n<\/div><\/div><\/div><div class=\"fusion-layout-column fusion_builder_column fusion-builder-column-12 fusion_builder_column_1_4 1_4 fusion-flex-column fusion-flex-align-self-center fusion-column-inner-bg-wrapper\" style=\"--awb-overflow:hidden;--awb-inner-bg-color:var(--awb-custom_color_12);--awb-inner-bg-color-hover:var(--awb-custom_color_12);--awb-inner-bg-image:linear-gradient(180deg, rgba(255,255,255,0) 0%,#f9f9f9 100%);--awb-inner-bg-position:right center;--awb-inner-bg-blend:hard-light;--awb-inner-bg-size:cover;--awb-border-color:var(--awb-color6);--awb-border-style:solid;--awb-border-radius:2px 2px 2px 2px;--awb-inner-bg-border-radius:2px 2px 2px 2px;--awb-inner-bg-overflow:hidden;--awb-width-large:25%;--awb-margin-top-large:0px;--awb-spacing-right-large:7.68%;--awb-margin-bottom-large:20px;--awb-spacing-left-large:7.68%;--awb-width-medium:100%;--awb-order-medium:0;--awb-spacing-right-medium:1.92%;--awb-spacing-left-medium:1.92%;--awb-width-small:100%;--awb-order-small:0;--awb-spacing-right-small:1.92%;--awb-spacing-left-small:1.92%;\" data-scroll-devices=\"small-visibility,medium-visibility,large-visibility\"><span class=\"fusion-column-inner-bg hover-type-none\"><a class=\"fusion-column-anchor\" href=\"https:\/\/shop.soglio-produkte.ch\/pi\/it\/Schutz-Pflege-fuer-die-Haut\/crema-calendula.html\" target=\"_blank\" rel=\"noopener\"><span class=\"fusion-column-inner-bg-image\"><\/span><\/a><\/span><div class=\"fusion-column-wrapper fusion-column-has-shadow fusion-flex-justify-content-space-evenly fusion-content-layout-column\"><div class=\"fusion-separator fusion-full-width-sep\" style=\"align-self: center;margin-left: auto;margin-right: auto;margin-top:15px;margin-bottom:15px;width:100%;\"><\/div><div class=\"fusion-title title fusion-title-3 fusion-sep-none fusion-title-center fusion-title-text fusion-title-size-four\" style=\"--awb-margin-top-small:10px;--awb-margin-right-small:0px;--awb-margin-bottom-small:10px;--awb-margin-left-small:0px;\"><h4 class=\"fusion-title-heading title-heading-center\" style=\"margin:0;\"><h5 style=\"text-align: center;\"><span style=\"color: #008000;\">CREMA ALLA CALENDULA<\/span><\/h5><\/h4><\/div><div class=\"fusion-separator fusion-full-width-sep\" style=\"align-self: center;margin-left: auto;margin-right: auto;margin-top:15px;margin-bottom:15px;width:100%;\"><\/div><div class=\"fusion-text fusion-text-11 fusion-text-no-margin\" style=\"--awb-font-size:16px;--awb-line-height:1.5;--awb-margin-top:10px;--awb-margin-right:20px;--awb-margin-bottom:10px;--awb-margin-left:20px;\"><p style=\"text-align: left;\">Il giardinaggio pu\u00f2 mettere a dura prova le mani. La nostra rinomata crema alla calendula mantiene la pelle morbida ed elastica. Questa crema universale protegge anche la pelle secca e sensibile dal freddo e diffonde una delicata fragranza floreale e acidula. La ricca crema alla calendula contiene estratti di iperico e calendula. L&#8217;olio di germe di grano in una base di sostanze lanoliniche completa la formula vincente.<\/p>\n<\/div><div class=\"fusion-separator fusion-full-width-sep\" style=\"align-self: center;margin-left: auto;margin-right: auto;margin-top:30px;margin-bottom:30px;width:100%;\"><\/div><div class=\"fusion-image-element \" style=\"text-align:center;--awb-caption-title-font-family:var(--h2_typography-font-family);--awb-caption-title-font-weight:var(--h2_typography-font-weight);--awb-caption-title-font-style:var(--h2_typography-font-style);--awb-caption-title-size:var(--h2_typography-font-size);--awb-caption-title-transform:var(--h2_typography-text-transform);--awb-caption-title-line-height:var(--h2_typography-line-height);--awb-caption-title-letter-spacing:var(--h2_typography-letter-spacing);\"><span class=\" fusion-imageframe imageframe-none imageframe-5 hover-type-none\"><a class=\"fusion-no-lightbox\" href=\"https:\/\/shop.soglio-produkte.ch\/pi\/it\/Schutz-Pflege-fuer-die-Haut\/crema-calendula.html\" target=\"_self\" aria-label=\"calendula-creme-35-75\" rel=\"noopener\"><img decoding=\"async\" width=\"300\" height=\"300\" alt=\"Ringelblumen-Creme\" data-src=\"https:\/\/www.soglio-produkte.com\/wp-content\/uploads\/2023\/08\/calendula-creme-35-75-300x300.jpg\" class=\"img-responsive wp-image-8152 lazyload\" data-srcset=\"https:\/\/www.soglio-produkte.com\/wp-content\/uploads\/2023\/08\/calendula-creme-35-75-200x200.jpg 200w, https:\/\/www.soglio-produkte.com\/wp-content\/uploads\/2023\/08\/calendula-creme-35-75-400x400.jpg 400w, https:\/\/www.soglio-produkte.com\/wp-content\/uploads\/2023\/08\/calendula-creme-35-75-600x600.jpg 600w, https:\/\/www.soglio-produkte.com\/wp-content\/uploads\/2023\/08\/calendula-creme-35-75-800x800.jpg 800w, https:\/\/www.soglio-produkte.com\/wp-content\/uploads\/2023\/08\/calendula-creme-35-75-1200x1200.jpg 1200w\" data-sizes=\"(max-width: 1024px) 100vw, (max-width: 640px) 100vw, 400px\" src=\"data:image\/svg+xml;base64,PHN2ZyB3aWR0aD0iMSIgaGVpZ2h0PSIxIiB4bWxucz0iaHR0cDovL3d3dy53My5vcmcvMjAwMC9zdmciPjwvc3ZnPg==\" style=\"--smush-placeholder-width: 300px; --smush-placeholder-aspect-ratio: 300\/300;\" \/><\/a><\/span><\/div><\/div><\/div><div class=\"fusion-layout-column fusion_builder_column fusion-builder-column-13 fusion_builder_column_1_1 1_1 fusion-flex-column\" style=\"--awb-bg-size:cover;--awb-width-large:100%;--awb-margin-top-large:0px;--awb-spacing-right-large:1.92%;--awb-margin-bottom-large:20px;--awb-spacing-left-large:1.92%;--awb-width-medium:100%;--awb-order-medium:0;--awb-spacing-right-medium:1.92%;--awb-spacing-left-medium:1.92%;--awb-width-small:100%;--awb-order-small:0;--awb-spacing-right-small:1.92%;--awb-spacing-left-small:1.92%;\"><div class=\"fusion-column-wrapper fusion-column-has-shadow fusion-flex-justify-content-flex-start fusion-content-layout-column\"><div class=\"fusion-separator fusion-full-width-sep\" style=\"align-self: center;margin-left: auto;margin-right: auto;margin-top:20px;margin-bottom:20px;width:100%;\"><\/div><\/div><\/div><\/div><\/div><div class=\"fusion-fullwidth fullwidth-box fusion-builder-row-8 fusion-flex-container has-pattern-background has-mask-background nonhundred-percent-fullwidth non-hundred-percent-height-scrolling\" style=\"--awb-border-radius-top-left:0px;--awb-border-radius-top-right:0px;--awb-border-radius-bottom-right:0px;--awb-border-radius-bottom-left:0px;--awb-flex-wrap:wrap;\" ><div class=\"fusion-builder-row fusion-row fusion-flex-align-items-flex-start fusion-flex-content-wrap\" style=\"max-width:1456px;margin-left: calc(-4% \/ 2 );margin-right: calc(-4% \/ 2 );\"><div class=\"fusion-layout-column fusion_builder_column fusion-builder-column-14 fusion_builder_column_1_1 1_1 fusion-flex-column\" style=\"--awb-bg-size:cover;--awb-width-large:100%;--awb-margin-top-large:0px;--awb-spacing-right-large:1.92%;--awb-margin-bottom-large:20px;--awb-spacing-left-large:1.92%;--awb-width-medium:100%;--awb-order-medium:0;--awb-spacing-right-medium:1.92%;--awb-spacing-left-medium:1.92%;--awb-width-small:100%;--awb-order-small:0;--awb-spacing-right-small:1.92%;--awb-spacing-left-small:1.92%;\"><div class=\"fusion-column-wrapper fusion-column-has-shadow fusion-flex-justify-content-flex-start fusion-content-layout-column\"><div class=\"fusion-separator fusion-full-width-sep\" style=\"align-self: center;margin-left: auto;margin-right: auto;margin-top:20px;margin-bottom:20px;width:100%;\"><\/div><\/div><\/div><\/div><\/div><div class=\"fusion-fullwidth fullwidth-box fusion-builder-row-9 nonhundred-percent-fullwidth non-hundred-percent-height-scrolling\" style=\"--awb-border-radius-top-left:0px;--awb-border-radius-top-right:0px;--awb-border-radius-bottom-right:0px;--awb-border-radius-bottom-left:0px;--awb-padding-top:20px;--awb-padding-bottom:0px;--awb-background-color:#f8f9e6;--awb-flex-wrap:wrap;\" ><div class=\"fusion-builder-row fusion-row\"><div class=\"fusion-layout-column fusion_builder_column fusion-builder-column-15 fusion_builder_column_1_1 1_1 fusion-one-full fusion-column-first fusion-column-last\" style=\"--awb-bg-size:cover;\"><div class=\"fusion-column-wrapper fusion-flex-column-wrapper-legacy\"><div class=\"fusion-text fusion-text-12\"><h3 style=\"text-align: center;\">AVETE DELLE DOMANDE? CHIAMATECI ALLO <a href=\"tel:+41818221843\">+41\u00a0(0)81\u00a0822\u00a018\u00a043<\/a><\/h3>\n<h4 style=\"text-align: center;\">Siamo a vostra disposizione dal luned\u00ec al venerd\u00ec, dalle ore 08.00 alle 12.00 e dalle ore 13.30 fino alle 17.30.<\/h4>\n<\/div><div class=\"fusion-clearfix\"><\/div><\/div><\/div><div class=\"fusion-layout-column fusion_builder_column fusion-builder-column-16 fusion_builder_column_1_4 1_4 fusion-one-fourth fusion-column-first\" style=\"--awb-bg-size:cover;width:25%;width:calc(25% - ( ( 4% + 4% + 4% ) * 0.25 ) );margin-right: 4%;\"><div class=\"fusion-column-wrapper fusion-flex-column-wrapper-legacy\"><h4>Contatto Svizzera<\/h4>\nSOGLIO-PRODUKTE SA<br \/>\nVia Principale 21<br \/>\n7608 Castasegna<br \/>\nSvizzera<br \/>\n<br \/>\nTel. <a href=\"tel:+41818221843\">+41 (0)81 822 18 43<\/a><br \/>\nFax +41 (0)81 822 19 70<br \/>\n<a href=\"mailto:mail@soglio-produkte.ch\">mail@soglio-produkte.ch<\/a><div class=\"fusion-clearfix\"><\/div><\/div><\/div><div class=\"fusion-layout-column fusion_builder_column fusion-builder-column-17 fusion_builder_column_1_4 1_4 fusion-one-fourth\" style=\"--awb-bg-size:cover;width:25%;width:calc(25% - ( ( 4% + 4% + 4% ) * 0.25 ) );margin-right: 4%;\"><div class=\"fusion-column-wrapper fusion-flex-column-wrapper-legacy\"><h4>Contatto UE<\/h4>\nSOGLIO (Deutschland) GmbH<br \/>\nHauptstra\u00dfe 29<br \/>\n79807 Lottstetten<br \/>\nGermania<br \/>\n<br \/>\n<a href=\"mailto:mail@soglio-produkte.eu\">mail@soglio-produkte.eu<\/a><div class=\"fusion-clearfix\"><\/div><\/div><\/div><div class=\"fusion-layout-column fusion_builder_column fusion-builder-column-18 fusion_builder_column_1_4 1_4 fusion-one-fourth\" style=\"--awb-bg-size:cover;width:25%;width:calc(25% - ( ( 4% + 4% + 4% ) * 0.25 ) );margin-right: 4%;\"><div class=\"fusion-column-wrapper fusion-flex-column-wrapper-legacy\"><h4>Orari d'apertura negozio a Castasegna<\/h4>\nLu \u2013 Ve, ore 8.00 fino alle 12.00<br \/>\ne dalle ore 13.30 fino alle 18.00<br \/>\n<h4>Orari d'apertura negozio a Soglio<\/h4>\nDa giugno a met\u00e0 ottobre<br \/>\nMe*\/Gi\/Ve\/Sa ore 11.00 fino alle 17.00<br \/>\n*a partire da luglio<div class=\"fusion-clearfix\"><\/div><\/div><\/div><div class=\"fusion-layout-column fusion_builder_column fusion-builder-column-19 fusion_builder_column_1_4 1_4 fusion-one-fourth fusion-column-last\" style=\"--awb-bg-size:cover;width:25%;width:calc(25% - ( ( 4% + 4% + 4% ) * 0.25 ) );\"><div class=\"fusion-column-wrapper fusion-flex-column-wrapper-legacy\"><h4>Legale<\/h4>\n<a href=\"https:\/\/www.soglio-produkte.com\/it\/condizioni-generali-di-contratto\/\" style=\"text-decoration:underline;\">Condizioni generali di contratto<\/a><br \/>\n<a href=\"https:\/\/www.soglio-produkte.com\/it\/impressum\/\" style=\"text-decoration:underline;\">Impressum<\/a><br \/>\n<a href=\"https:\/\/www.soglio-produkte.com\/it\/informativa-sulla-privacy\/\" style=\"text-decoration:underline;\">Informativa sulla privacy<\/a><br \/>\n<a href=\"https:\/\/www.soglio-produkte.com\/it\/spedizione-e-modalita-di-pagamento\/\" style=\"text-decoration:underline;\">Spedizione e modalit\u00e0 di pagamento<\/a><div class=\"fusion-text fusion-text-13\"><h4>Social Media<\/h4>\n<p><a href=\"https:\/\/www.facebook.com\/soglio.produkte.Kraft.der.Berge\" target=\"_blank\" rel=\"noopener noreferrer\"><img decoding=\"async\" class=\"wp-image-830 size-full lazyload\" data-src=\"https:\/\/www.soglio-produkte.com\/wp-content\/uploads\/2019\/05\/54997.png\" alt=\"Facebook\" width=\"51\" height=\"51\" src=\"data:image\/svg+xml;base64,PHN2ZyB3aWR0aD0iMSIgaGVpZ2h0PSIxIiB4bWxucz0iaHR0cDovL3d3dy53My5vcmcvMjAwMC9zdmciPjwvc3ZnPg==\" style=\"--smush-placeholder-width: 51px; --smush-placeholder-aspect-ratio: 51\/51;\" \/><\/a><a href=\"https:\/\/www.instagram.com\/soglio.produkte\" target=\"_blank\" rel=\"noopener noreferrer\"> <img decoding=\"async\" class=\"wp-image-830 size-full lazyload\" data-src=\"https:\/\/www.soglio-produkte.com\/wp-content\/uploads\/2019\/05\/glyph-logo_may2016.png\" alt=\"Instagram\" width=\"51\" height=\"51\" src=\"data:image\/svg+xml;base64,PHN2ZyB3aWR0aD0iMSIgaGVpZ2h0PSIxIiB4bWxucz0iaHR0cDovL3d3dy53My5vcmcvMjAwMC9zdmciPjwvc3ZnPg==\" style=\"--smush-placeholder-width: 51px; --smush-placeholder-aspect-ratio: 51\/51;\" \/> <\/a><a href=\"https:\/\/www.pinterest.de\/Soglioprodukte\/\" target=\"_blank\" rel=\"noopener noreferrer\"> <img decoding=\"async\" class=\"wp-image-830 size-full lazyload\" data-src=\"https:\/\/www.soglio-produkte.com\/wp-content\/uploads\/2019\/05\/badgergb-black.png\" alt=\"Pinterest\" width=\"51\" height=\"51\" src=\"data:image\/svg+xml;base64,PHN2ZyB3aWR0aD0iMSIgaGVpZ2h0PSIxIiB4bWxucz0iaHR0cDovL3d3dy53My5vcmcvMjAwMC9zdmciPjwvc3ZnPg==\" style=\"--smush-placeholder-width: 51px; --smush-placeholder-aspect-ratio: 51\/51;\" \/><\/a><\/p>\n<\/div><div class=\"fusion-clearfix\"><\/div><\/div><\/div><\/div><\/div>\n","protected":false},"excerpt":{"rendered":"<p>Hanspeter Mohler fornisce a SOGLIO erbe, fiori e piante da 30 anni.<br \/>\nLa sua compagna Evie Sprecher si \u00e8 unita a lui 10 anni fa. Loro due sono<br \/>\nimportanti garanti della qualit\u00e0 per SOGLIO. Ora si sta concludendo un&#8217;epoca: stanno passando il lavoro a mani pi\u00f9 giovani.<\/p>\n","protected":false},"author":3,"featured_media":8107,"comment_status":"closed","ping_status":"closed","sticky":false,"template":"","format":"standard","meta":{"footnotes":""},"categories":[161,162],"tags":[164,166,163],"class_list":["post-8282","post","type-post","status-publish","format-standard","has-post-thumbnail","hentry","category-erbe-e-fiori","category-fornitori","tag-calendula-it","tag-kraeuter-it","tag-soglio-it"],"_links":{"self":[{"href":"https:\/\/www.soglio-produkte.com\/it\/wp-json\/wp\/v2\/posts\/8282","targetHints":{"allow":["GET"]}}],"collection":[{"href":"https:\/\/www.soglio-produkte.com\/it\/wp-json\/wp\/v2\/posts"}],"about":[{"href":"https:\/\/www.soglio-produkte.com\/it\/wp-json\/wp\/v2\/types\/post"}],"author":[{"embeddable":true,"href":"https:\/\/www.soglio-produkte.com\/it\/wp-json\/wp\/v2\/users\/3"}],"replies":[{"embeddable":true,"href":"https:\/\/www.soglio-produkte.com\/it\/wp-json\/wp\/v2\/comments?post=8282"}],"version-history":[{"count":8,"href":"https:\/\/www.soglio-produkte.com\/it\/wp-json\/wp\/v2\/posts\/8282\/revisions"}],"predecessor-version":[{"id":8339,"href":"https:\/\/www.soglio-produkte.com\/it\/wp-json\/wp\/v2\/posts\/8282\/revisions\/8339"}],"wp:featuredmedia":[{"embeddable":true,"href":"https:\/\/www.soglio-produkte.com\/it\/wp-json\/wp\/v2\/media\/8107"}],"wp:attachment":[{"href":"https:\/\/www.soglio-produkte.com\/it\/wp-json\/wp\/v2\/media?parent=8282"}],"wp:term":[{"taxonomy":"category","embeddable":true,"href":"https:\/\/www.soglio-produkte.com\/it\/wp-json\/wp\/v2\/categories?post=8282"},{"taxonomy":"post_tag","embeddable":true,"href":"https:\/\/www.soglio-produkte.com\/it\/wp-json\/wp\/v2\/tags?post=8282"}],"curies":[{"name":"wp","href":"https:\/\/api.w.org\/{rel}","templated":true}]}}